{"id":10438,"date":"2023-09-13T18:18:43","date_gmt":"2023-09-13T16:18:43","guid":{"rendered":"https:\/\/www.lafresca.fm\/?p=10438"},"modified":"2023-09-13T18:18:44","modified_gmt":"2023-09-13T16:18:44","slug":"intenso-verano-para-el-piloto-de-onil-hector-rajadell","status":"publish","type":"post","link":"https:\/\/www.lafresca.fm\/intenso-verano-para-el-piloto-de-onil-hector-rajadell\/","title":{"rendered":"Intenso verano para el piloto de Onil H\u00e9ctor Rajadell"},"content":{"rendered":"\n<p>El joven piloto, de 12 a\u00f1os, ha tenido un verano completo en cuanto a carreras disputadas en diferentes circuitos y campeonatos del pa\u00eds-<\/p>\n\n\n\n<p>El pasado mes de agosto, H\u00e9ctor acudi\u00f3 al circuito de Rub\u00e9n Fern\u00e1ndez en la localidad de Cerceda en la provincia de A Coru\u00f1a (Galicia). Durante 8 d\u00edas, pudo entrenar en el campus de verano, estando acompa\u00f1ado por 20 pilotos procedentes de todo el pa\u00eds.<\/p>\n\n\n\n<p>Dejando tierras gallegas, el colivenc acudi\u00f3 a Valdesoto (Asturias) para disputar el 10\u00ba Motocross y en el que obtuvo muy buenas posiciones. En la primera manga pudo conseguir el primer puesto. En la segunda manga, despu\u00e9s de una mala salida y una primera curva en la que los dem\u00e1s pilotos casi lo sacan de pista, pudo acabar en segunda posici\u00f3n. Finalmente, acab\u00f3 segundo en la general.<\/p>\n\n\n\n<p>Campeonato de La Comunidad Valencia<\/p>\n\n\n\n<p>La carrera m\u00e1s reciente y peligrosa, dentro del Campeonato de la CV, ha sido la disputada el 9 y 10 de septiembre en el circuito Ricardo Monzonis de Villa de l\u2019Alcora (Castell\u00f3n). Se trata de un circuito peligroso, ya que todos los a\u00f1os hay que lamentar diversos heridos, no siendo este a\u00f1o una excepci\u00f3n. En la manga de cronometraje, H\u00e9ctor consigui\u00f3 una quinta posici\u00f3n. Primera manga, sexta posici\u00f3n. Segunda manga, cuando se situaba cuarto en carrera, sufri\u00f3 una ca\u00edda y tuvo que necesitar asistencia de m\u00e9dicos, para m\u00e1s tarde reincorporarse, pudiendo terminar octavo y coger algunos puntos.<\/p>\n\n\n\n<figure class=\"wp-block-gallery has-nested-images columns-default is-cropped wp-block-gallery-1 is-layout-flex wp-block-gallery-is-layout-flex\">\n<figure class=\"wp-block-image size-large\"><img fetchpriority=\"high\" decoding=\"async\" width=\"878\" height=\"1170\" data-id=\"10441\" src=\"https:\/\/www.lafresca.fm\/f-solosog\/2023\/09\/hector-sep23-0-1-878x1170.jpg\" alt=\"\" class=\"wp-image-10441\" srcset=\"https:\/\/www.lafresca.fm\/f-solosog\/2023\/09\/hector-sep23-0-1-878x1170.jpg 878w, https:\/\/www.lafresca.fm\/f-solosog\/2023\/09\/hector-sep23-0-1-578x770.jpg 578w, https:\/\/www.lafresca.fm\/f-solosog\/2023\/09\/hector-sep23-0-1-768x1024.jpg 768w, https:\/\/www.lafresca.fm\/f-solosog\/2023\/09\/hector-sep23-0-1-1152x1536.jpg 1152w, https:\/\/www.lafresca.fm\/f-solosog\/2023\/09\/hector-sep23-0-1.jpg 1200w\" sizes=\"(max-width: 878px) 100vw, 878px\" \/><\/figure>\n\n\n\n<figure class=\"wp-block-image size-large\"><img decoding=\"async\" width=\"878\" height=\"1170\" data-id=\"10443\" src=\"https:\/\/www.lafresca.fm\/f-solosog\/2023\/09\/hector-sep23-2-878x1170.jpg\" alt=\"\" class=\"wp-image-10443\" srcset=\"https:\/\/www.lafresca.fm\/f-solosog\/2023\/09\/hector-sep23-2-878x1170.jpg 878w, https:\/\/www.lafresca.fm\/f-solosog\/2023\/09\/hector-sep23-2-578x770.jpg 578w, https:\/\/www.lafresca.fm\/f-solosog\/2023\/09\/hector-sep23-2-768x1024.jpg 768w, https:\/\/www.lafresca.fm\/f-solosog\/2023\/09\/hector-sep23-2-1152x1536.jpg 1152w, https:\/\/www.lafresca.fm\/f-solosog\/2023\/09\/hector-sep23-2.jpg 1200w\" sizes=\"(max-width: 878px) 100vw, 878px\" \/><\/figure>\n\n\n\n<figure class=\"wp-block-image size-large\"><img decoding=\"async\" width=\"878\" height=\"1170\" data-id=\"10442\" src=\"https:\/\/www.lafresca.fm\/f-solosog\/2023\/09\/hector-sep23-878x1170.jpg\" alt=\"\" class=\"wp-image-10442\" srcset=\"https:\/\/www.lafresca.fm\/f-solosog\/2023\/09\/hector-sep23-878x1170.jpg 878w, https:\/\/www.lafresca.fm\/f-solosog\/2023\/09\/hector-sep23-578x770.jpg 578w, https:\/\/www.lafresca.fm\/f-solosog\/2023\/09\/hector-sep23-768x1024.jpg 768w, https:\/\/www.lafresca.fm\/f-solosog\/2023\/09\/hector-sep23-1152x1536.jpg 1152w, https:\/\/www.lafresca.fm\/f-solosog\/2023\/09\/hector-sep23.jpg 1200w\" sizes=\"(max-width: 878px) 100vw, 878px\" \/><\/figure>\n<\/figure>\n<script>function PlayerjsAsync(){} if(window[\"Playerjs\"]){PlayerjsAsync();}<\/script>","protected":false},"excerpt":{"rendered":"<p>El joven piloto, ha tenido un verano completo en cuanto a carreras en diferentes circuitos<\/p>\n","protected":false},"author":2,"featured_media":10439,"comment_status":"closed","ping_status":"closed","sticky":false,"template":"","format":"standard","meta":{"_monsterinsights_skip_tracking":false,"_monsterinsights_sitenote_active":false,"_monsterinsights_sitenote_note":"","_monsterinsights_sitenote_category":0,"footnotes":""},"categories":[4],"tags":[167],"class_list":["post-10438","post","type-post","status-publish","format-standard","has-post-thumbnail","hentry","category-alicante","tag-hector-rajadell"],"aioseo_notices":[],"_links":{"self":[{"href":"https:\/\/www.lafresca.fm\/fresca-api-json\/wp\/v2\/posts\/10438","targetHints":{"allow":["GET"]}}],"collection":[{"href":"https:\/\/www.lafresca.fm\/fresca-api-json\/wp\/v2\/posts"}],"about":[{"href":"https:\/\/www.lafresca.fm\/fresca-api-json\/wp\/v2\/types\/post"}],"author":[{"embeddable":true,"href":"https:\/\/www.lafresca.fm\/fresca-api-json\/wp\/v2\/users\/2"}],"replies":[{"embeddable":true,"href":"https:\/\/www.lafresca.fm\/fresca-api-json\/wp\/v2\/comments?post=10438"}],"version-history":[{"count":1,"href":"https:\/\/www.lafresca.fm\/fresca-api-json\/wp\/v2\/posts\/10438\/revisions"}],"predecessor-version":[{"id":10444,"href":"https:\/\/www.lafresca.fm\/fresca-api-json\/wp\/v2\/posts\/10438\/revisions\/10444"}],"wp:featuredmedia":[{"embeddable":true,"href":"https:\/\/www.lafresca.fm\/fresca-api-json\/wp\/v2\/media\/10439"}],"wp:attachment":[{"href":"https:\/\/www.lafresca.fm\/fresca-api-json\/wp\/v2\/media?parent=10438"}],"wp:term":[{"taxonomy":"category","embeddable":true,"href":"https:\/\/www.lafresca.fm\/fresca-api-json\/wp\/v2\/categories?post=10438"},{"taxonomy":"post_tag","embeddable":true,"href":"https:\/\/www.lafresca.fm\/fresca-api-json\/wp\/v2\/tags?post=10438"}],"curies":[{"name":"wp","href":"https:\/\/api.w.org\/{rel}","templated":true}]}}