{"id":10472,"date":"2023-09-20T12:31:08","date_gmt":"2023-09-20T10:31:08","guid":{"rendered":"https:\/\/www.lafresca.fm\/?p=10472"},"modified":"2023-09-20T12:31:10","modified_gmt":"2023-09-20T10:31:10","slug":"la-tradicion-y-el-baile-se-apoderan-de-las-calles-de-castalla-con-la-celebracion-de-les-danses-2023","status":"publish","type":"post","link":"https:\/\/www.lafresca.fm\/la-tradicion-y-el-baile-se-apoderan-de-las-calles-de-castalla-con-la-celebracion-de-les-danses-2023\/","title":{"rendered":"La tradici\u00f3n y el baile se apoderan de las calles de Castalla con la celebraci\u00f3n de les Danses 2023"},"content":{"rendered":"\n<p>La festividad castelluda, declarada como Bien de Relevancia Local Inmaterial, acoge ensayos, danzas y pasacalles durante la semana<\/p>\n\n\n\n<p>La tradici\u00f3n y el baile son los protagonistas en Castalla durante la celebraci\u00f3n de las \u2018Danses 2023\u2019. Esta festividad castelluda est\u00e1 declarada como Bien de Relevancia Local Inmaterial, y es una muestra genuina de la tradici\u00f3n de la ciudad. El Ayuntamiento y la Comisi\u00f3n de les Danses, en colaboraci\u00f3n con El Sogall, han organizado un amplio programa de actividades durante toda la semana con ensayos, danzas y pasacalles.<\/p>\n\n\n\n<p>El alcalde de Castalla, Jes\u00fas L\u00f3pez Blanco, ha destacado \u201cla importancia de les Danses para el patrimonio y la cultura de Castalla\u201d. El primer edil ha defendido estos bailes populares \u201ccomo una muestra de nuestra identidad, tradici\u00f3n y folklore, que actualmente se encuentra muy viva, uniendo pasado y presente, gracias a la gran participaci\u00f3n popular con la que cuentan\u201d. Para el primer edil, \u201cbuena muestra de ello es la consideraci\u00f3n de les Danses de Castalla como Bien de Relevancia Local Inmaterial\u201d.<\/p>\n\n\n\n<figure class=\"wp-block-image size-large\"><img fetchpriority=\"high\" decoding=\"async\" width=\"776\" height=\"1170\" src=\"https:\/\/www.lafresca.fm\/f-solosog\/2023\/09\/Danses_34_Cartell2023_07092023-1-776x1170.jpg\" alt=\"\" class=\"wp-image-10471\" srcset=\"https:\/\/www.lafresca.fm\/f-solosog\/2023\/09\/Danses_34_Cartell2023_07092023-1-776x1170.jpg 776w, https:\/\/www.lafresca.fm\/f-solosog\/2023\/09\/Danses_34_Cartell2023_07092023-1-511x770.jpg 511w, https:\/\/www.lafresca.fm\/f-solosog\/2023\/09\/Danses_34_Cartell2023_07092023-1-768x1158.jpg 768w, https:\/\/www.lafresca.fm\/f-solosog\/2023\/09\/Danses_34_Cartell2023_07092023-1-1019x1536.jpg 1019w, https:\/\/www.lafresca.fm\/f-solosog\/2023\/09\/Danses_34_Cartell2023_07092023-1-1359x2048.jpg 1359w, https:\/\/www.lafresca.fm\/f-solosog\/2023\/09\/Danses_34_Cartell2023_07092023-1-scaled.jpg 1698w\" sizes=\"(max-width: 776px) 100vw, 776px\" \/><\/figure>\n\n\n\n<p>Durante toda la semana, la Comisi\u00f3n ha celebrado ensayos en diferentes puntos de la localidad para preparar la celebraci\u00f3n de la festividad. La calle Central, la placeta de l\u2019Era dels Cavalls, la glorieta del Convent y la placeta del Carreter han sido las ubicaciones elegidas para esta actividad.<\/p>\n\n\n\n<p>Adem\u00e1s, durante el fin de semana tienen lugar la parte central de les Danses. El viernes 22 de septiembre, a las 20:00 horas, arranca el pasacalle y la recogida de los Reyes de la Dansa. A continuaci\u00f3n, a las 20:30 horas, se celebra la danza con la participaci\u00f3n de las t\u00edpicas \u201ccarasses\u201d. El s\u00e1bado 23 de septiembre, a las 19:00 horas, de nuevo pasacalle y recogida de los reyes. A las 20:00 horas, dansa con la participaci\u00f3n de \u201ccarasses\u201d y muestra de danzas de las vecinas localidades de Tibi y Banyeres de Mariola. Finalmente, el domingo 24 de septiembre acaban los actos festivos: a las 19:00 horas, tercer pasacalles y recogida de los reyes de la Dansa. A las 20:00 horas, el plato fuerte, con la \u201cdansa amb rascat\u201d y la participaci\u00f3n de los reyes y reinas de los 40 a\u00f1os de la recuperaci\u00f3n de \u201cLa Dansa\u201d.<\/p>\n\n\n\n<p>En este sentido, el concejal de Cultura, Jos\u00e9 Rico, ha invitado a \u201ctodos los vecinos y vecinas de Castalla a participar en esta fiesta tan nuestra que es La Dansa, que goza de una gran vitalidad y es un exponente de la cultura y el patrimonio de la Foia de Castalla\u201d. As\u00ed, el edil responsable tambi\u00e9n ha animado a la poblaci\u00f3n de localidades cercanas a visitar la ciudad durante el fin de semana para \u201chacer m\u00e1s grande la Dansa de Castalla\u201d.<\/p>\n<script>function PlayerjsAsync(){} if(window[\"Playerjs\"]){PlayerjsAsync();}<\/script>","protected":false},"excerpt":{"rendered":"<p>La festividad, declarada como Bien de Relevancia Local Inmaterial, acoge ensayos, danzas y pasacalles durante la semana<\/p>\n","protected":false},"author":2,"featured_media":10473,"comment_status":"closed","ping_status":"closed","sticky":false,"template":"","format":"standard","meta":{"_monsterinsights_skip_tracking":false,"_monsterinsights_sitenote_active":false,"_monsterinsights_sitenote_note":"","_monsterinsights_sitenote_category":0,"footnotes":""},"categories":[4],"tags":[144],"class_list":["post-10472","post","type-post","status-publish","format-standard","has-post-thumbnail","hentry","category-alicante","tag-castalla"],"aioseo_notices":[],"_links":{"self":[{"href":"https:\/\/www.lafresca.fm\/fresca-api-json\/wp\/v2\/posts\/10472","targetHints":{"allow":["GET"]}}],"collection":[{"href":"https:\/\/www.lafresca.fm\/fresca-api-json\/wp\/v2\/posts"}],"about":[{"href":"https:\/\/www.lafresca.fm\/fresca-api-json\/wp\/v2\/types\/post"}],"author":[{"embeddable":true,"href":"https:\/\/www.lafresca.fm\/fresca-api-json\/wp\/v2\/users\/2"}],"replies":[{"embeddable":true,"href":"https:\/\/www.lafresca.fm\/fresca-api-json\/wp\/v2\/comments?post=10472"}],"version-history":[{"count":1,"href":"https:\/\/www.lafresca.fm\/fresca-api-json\/wp\/v2\/posts\/10472\/revisions"}],"predecessor-version":[{"id":10474,"href":"https:\/\/www.lafresca.fm\/fresca-api-json\/wp\/v2\/posts\/10472\/revisions\/10474"}],"wp:featuredmedia":[{"embeddable":true,"href":"https:\/\/www.lafresca.fm\/fresca-api-json\/wp\/v2\/media\/10473"}],"wp:attachment":[{"href":"https:\/\/www.lafresca.fm\/fresca-api-json\/wp\/v2\/media?parent=10472"}],"wp:term":[{"taxonomy":"category","embeddable":true,"href":"https:\/\/www.lafresca.fm\/fresca-api-json\/wp\/v2\/categories?post=10472"},{"taxonomy":"post_tag","embeddable":true,"href":"https:\/\/www.lafresca.fm\/fresca-api-json\/wp\/v2\/tags?post=10472"}],"curies":[{"name":"wp","href":"https:\/\/api.w.org\/{rel}","templated":true}]}}