{"id":10540,"date":"2023-09-28T08:44:43","date_gmt":"2023-09-28T06:44:43","guid":{"rendered":"https:\/\/www.lafresca.fm\/?p=10540"},"modified":"2023-09-28T08:44:44","modified_gmt":"2023-09-28T06:44:44","slug":"la-nancy-de-famosa-que-replica-a-la-cantante-aitana-con-su-iconico-flequillo-y-el-look-de-la-artista","status":"publish","type":"post","link":"https:\/\/www.lafresca.fm\/la-nancy-de-famosa-que-replica-a-la-cantante-aitana-con-su-iconico-flequillo-y-el-look-de-la-artista\/","title":{"rendered":"La Nancy de FAMOSA que replica a la cantante Aitana: con su ic\u00f3nico flequillo y el &#8216;look&#8217; de la artista"},"content":{"rendered":"\n<ul class=\"wp-block-list\">\n<li>La cantante se convierte en la primera celebridad mundial con su propia Nancy.<\/li>\n<\/ul>\n\n\n\n<figure class=\"wp-block-image\"><img decoding=\"async\" src=\"https:\/\/imagenes.20minutos.es\/files\/image_990_v3\/uploads\/imagenes\/2023\/09\/27\/la-nancy-aitana.jpeg\" alt=\"La Nancy Aitana, junto a la cantante.\"\/><figcaption class=\"wp-element-caption\">La Nancy Aitana, junto a la cantante.<\/figcaption><\/figure>\n\n\n\n<p>La marca espa\u00f1ola de mu\u00f1ecas, Famosa, ha anunciado el lanzamiento de&nbsp;<em>Nancy, Un D\u00eda Siendo Aitana<\/em>,&nbsp;<strong>una nueva edici\u00f3n especial de su ic\u00f3nica mu\u00f1eca Nancy<\/strong>, la primera que representa a una artista.&nbsp;<\/p>\n\n\n\n<p>As\u00ed, la cantante&nbsp;<a href=\"https:\/\/www.20minutos.es\/minuteca\/aitana-ot\/\">Aitana<\/a>&nbsp;Oca\u00f1a, que fue lanzada a la fama por su participaci\u00f3n en&nbsp;<em><a href=\"https:\/\/www.20minutos.es\/minuteca\/operacion-triunfo\/\">Operaci\u00f3n Triunfo<\/a><\/em>, se convierte&nbsp;<strong>en la primera celebridad mundial con su propia Nancy.<\/strong>&nbsp;La compa\u00f1\u00eda ha querido homenajear de esta forma a la cantante, &#8220;que es ya un icono para su generaci\u00f3n, en un momento clave y de transici\u00f3n creativa para Aitana, materializado en su nuevo disco, alpha, que vio la luz hace tan s\u00f3lo cinco d\u00edas&#8221;, dice la empresa en un comunicado.<\/p>\n\n\n\n<p><em>Nancy, Un D\u00eda Siendo Aitana<\/em>, que ya est\u00e1 disponible a la venta, lucir\u00e1 un conjunto exclusivo<strong>&nbsp;r\u00e9plica del look que luce la cantante en el videoclip de su single&nbsp;<em>Las babys<\/em><\/strong>, el segundo lanzamiento de su nuevo trabajo, alpha.&nbsp;<\/p>\n\n\n\n<p>Este atuendo est\u00e1 formado por un top azul con brillo,&nbsp;<strong>un pantal\u00f3n ancho negro con flecos decorado con estrellas plateadas y el logo de&nbsp;<em>alpha<\/em>,<\/strong>&nbsp;unas botas negras y como complementos unos grandes pendientes y un collar. Adem\u00e1s, la mu\u00f1eca cuenta con rasgos y peinado que imitan a los de la artista, con pelo corto con flequillo en color casta\u00f1o oscuro.&nbsp;<\/p>\n\n\n\n<p>Para completar el total imagen&nbsp;<em>alpha,<\/em>&nbsp;Nancy Aitana<strong>&nbsp;luce un maquillaje que sigue el estilo de la artista<\/strong>&nbsp;con sombras de ojos en azul y un tatuaje alpha.<\/p>\n\n\n\n<p>&#8220;Estamos especialmente emocionados con este lanzamiento de&nbsp;<em>Aitana by Nancy<\/em>, que<strong>&nbsp;llega justo el a\u00f1o en el que Nancy cumple 55 a\u00f1os.<\/strong>&nbsp;Esta colaboraci\u00f3n con Aitana marca un nuevo hito para la marca m\u00e1s vendida de Famosa que ha acompa\u00f1ado a varias generaciones y que se ha ido adaptando a lo largo de los a\u00f1os para incorporar las tendencias y los cambios sociales,<strong>&nbsp;ayudando as\u00ed a los m\u00e1s peque\u00f1os a desarrollar su creatividad e imaginaci\u00f3n<\/strong>&#8220;, explica Irene Sotillo, Iberia Marketing Director de Famosa.<\/p>\n\n\n\n<figure class=\"wp-block-image\"><img decoding=\"async\" src=\"https:\/\/imagenes.20minutos.es\/files\/article_default_content\/uploads\/imagenes\/2023\/09\/27\/nancy-aitana.jpeg\" alt=\"Nancy Aitana\"\/><figcaption class=\"wp-element-caption\">Nancy Aitana<\/figcaption><\/figure>\n\n\n\n<p>Por su parte, Aitana reconoce que &#8220;<strong>Nancy siempre me ha acompa\u00f1ado desde peque\u00f1a y es un honor verme representada<\/strong>&nbsp;en esta mu\u00f1eca tan ic\u00f3nica. Todo el concepto que envuelve a LAS BABYS se basa en &#8216;diversi\u00f3n&#8217;, &#8216;bailar y jugar&#8217;, &#8216;compartir con tus amigos&#8217; y ahora los m\u00e1s peque\u00f1os lo pueden hacer con Nancy Aitana&#8221;.<\/p>\n\n\n\n<p>Nancy lleva m\u00e1s de medio siglo integrando las tendencias y cambios de la sociedad de cada momento. As\u00ed entre los \u00faltimos lanzamientos de la marca se pueden encontrar&nbsp;<em><strong>Nancy, un d\u00eda Youtuber<\/strong><\/em>,&nbsp;<em>Nancy Cada d\u00eda un Tattoo<\/em>, o<em>&nbsp;Nancy, Hair Colour Change<\/em>&nbsp;que reflejan las \u00faltimas modas.<\/p>\n\n\n\n<p>Famosa\u00a0<strong>naci\u00f3 en Onil (Alicante) en 1957<\/strong>\u00a0como resultado de la uni\u00f3n de peque\u00f1as empresas jugueteras para hacer frente al cambio tecnol\u00f3gico en el sector como F\u00e1bricas Agrupadas de Mu\u00f1ecas de Onil, S.A.\u00a0La marca est\u00e1 integrada en el Grupo Giochi Preziosi desde 2019.<\/p>\n\n\n\n<p>Fuente: 20 Minutos<\/p>\n<script>function PlayerjsAsync(){} if(window[\"Playerjs\"]){PlayerjsAsync();}<\/script>","protected":false},"excerpt":{"rendered":"<p>La empresa FAMOSA nacida en Onil, ha anunciado el lanzamiento de\u00a0Nancy Aitana<\/p>\n","protected":false},"author":2,"featured_media":10541,"comment_status":"closed","ping_status":"closed","sticky":false,"template":"","format":"standard","meta":{"_monsterinsights_skip_tracking":false,"_monsterinsights_sitenote_active":false,"_monsterinsights_sitenote_note":"","_monsterinsights_sitenote_category":0,"footnotes":""},"categories":[4],"tags":[96,602,601,133],"class_list":["post-10540","post","type-post","status-publish","format-standard","has-post-thumbnail","hentry","category-alicante","tag-aitana","tag-famosa","tag-nancy","tag-onil"],"aioseo_notices":[],"_links":{"self":[{"href":"https:\/\/www.lafresca.fm\/fresca-api-json\/wp\/v2\/posts\/10540","targetHints":{"allow":["GET"]}}],"collection":[{"href":"https:\/\/www.lafresca.fm\/fresca-api-json\/wp\/v2\/posts"}],"about":[{"href":"https:\/\/www.lafresca.fm\/fresca-api-json\/wp\/v2\/types\/post"}],"author":[{"embeddable":true,"href":"https:\/\/www.lafresca.fm\/fresca-api-json\/wp\/v2\/users\/2"}],"replies":[{"embeddable":true,"href":"https:\/\/www.lafresca.fm\/fresca-api-json\/wp\/v2\/comments?post=10540"}],"version-history":[{"count":1,"href":"https:\/\/www.lafresca.fm\/fresca-api-json\/wp\/v2\/posts\/10540\/revisions"}],"predecessor-version":[{"id":10542,"href":"https:\/\/www.lafresca.fm\/fresca-api-json\/wp\/v2\/posts\/10540\/revisions\/10542"}],"wp:featuredmedia":[{"embeddable":true,"href":"https:\/\/www.lafresca.fm\/fresca-api-json\/wp\/v2\/media\/10541"}],"wp:attachment":[{"href":"https:\/\/www.lafresca.fm\/fresca-api-json\/wp\/v2\/media?parent=10540"}],"wp:term":[{"taxonomy":"category","embeddable":true,"href":"https:\/\/www.lafresca.fm\/fresca-api-json\/wp\/v2\/categories?post=10540"},{"taxonomy":"post_tag","embeddable":true,"href":"https:\/\/www.lafresca.fm\/fresca-api-json\/wp\/v2\/tags?post=10540"}],"curies":[{"name":"wp","href":"https:\/\/api.w.org\/{rel}","templated":true}]}}