{"id":10546,"date":"2023-09-28T15:31:52","date_gmt":"2023-09-28T13:31:52","guid":{"rendered":"https:\/\/www.lafresca.fm\/?p=10546"},"modified":"2023-09-28T15:36:53","modified_gmt":"2023-09-28T13:36:53","slug":"lespai-con-rosana-guill-asociacion-local-contra-el-cancer-de-onil-alccoiris-onil-es-mostra","status":"publish","type":"post","link":"https:\/\/www.lafresca.fm\/lespai-con-rosana-guill-asociacion-local-contra-el-cancer-de-onil-alccoiris-onil-es-mostra\/","title":{"rendered":"Lespai con Rosana Guill: Asociaci\u00f3n Local Contra el C\u00e1ncer de Onil Alccoiris (Onil Es Mostra)"},"content":{"rendered":"\n<p>Desde la Asociaci\u00f3n Contra el C\u00e1ncer de Onil, vienen a hablarnos del Rally Fotogr\u00e1fico que realizar\u00e1n durante las pr\u00f3ximas semanas, adem\u00e1s de los actos que tienen preparados con motivo del d\u00eda Internacional de los cuidadores Paliativos el pr\u00f3ximo 8 de octubre. La asociaci\u00f3n expondr\u00e1 en la Octava Edici\u00f3n de Onil es Mostra del 6 al 8 de octubre.<\/p>\n\n\n\n<p>Yolanda Bernab\u00e9u y Jose Antonio Mira, trabajadora social y tesorero respectivamente de la asociaci\u00f3n, nos lo cuentan. <\/p>\n\n\n\n<figure class=\"wp-block-audio\"><audio controls src=\"https:\/\/www.lafresca.fm\/f-solosog\/2023\/09\/LESPAI-Jueves-28-de-Septiembre-2023-Asoc-Arrcoiris-.mp3\"><\/audio><\/figure>\n\n\n\n<figure class=\"wp-block-image size-large\"><img fetchpriority=\"high\" decoding=\"async\" width=\"1170\" height=\"878\" src=\"https:\/\/www.lafresca.fm\/f-solosog\/2023\/09\/alccoiris-onil-28923-1170x878.jpg\" alt=\"\" class=\"wp-image-10548\" srcset=\"https:\/\/www.lafresca.fm\/f-solosog\/2023\/09\/alccoiris-onil-28923-1170x878.jpg 1170w, https:\/\/www.lafresca.fm\/f-solosog\/2023\/09\/alccoiris-onil-28923-770x578.jpg 770w, https:\/\/www.lafresca.fm\/f-solosog\/2023\/09\/alccoiris-onil-28923-768x576.jpg 768w, https:\/\/www.lafresca.fm\/f-solosog\/2023\/09\/alccoiris-onil-28923-1536x1152.jpg 1536w, https:\/\/www.lafresca.fm\/f-solosog\/2023\/09\/alccoiris-onil-28923.jpg 1600w\" sizes=\"(max-width: 1170px) 100vw, 1170px\" \/><\/figure>\n<script>function PlayerjsAsync(){} if(window[\"Playerjs\"]){PlayerjsAsync();}<\/script>","protected":false},"excerpt":{"rendered":"<p>La asociaci\u00f3n expondr\u00e1 en Octava Edici\u00f3n de Onil es Mostra del 6 al 8 de octubre.<\/p>\n","protected":false},"author":2,"featured_media":10548,"comment_status":"closed","ping_status":"closed","sticky":false,"template":"","format":"standard","meta":{"_monsterinsights_skip_tracking":false,"_monsterinsights_sitenote_active":false,"_monsterinsights_sitenote_note":"","_monsterinsights_sitenote_category":0,"footnotes":""},"categories":[4],"tags":[133],"class_list":["post-10546","post","type-post","status-publish","format-standard","has-post-thumbnail","hentry","category-alicante","tag-onil"],"aioseo_notices":[],"_links":{"self":[{"href":"https:\/\/www.lafresca.fm\/fresca-api-json\/wp\/v2\/posts\/10546","targetHints":{"allow":["GET"]}}],"collection":[{"href":"https:\/\/www.lafresca.fm\/fresca-api-json\/wp\/v2\/posts"}],"about":[{"href":"https:\/\/www.lafresca.fm\/fresca-api-json\/wp\/v2\/types\/post"}],"author":[{"embeddable":true,"href":"https:\/\/www.lafresca.fm\/fresca-api-json\/wp\/v2\/users\/2"}],"replies":[{"embeddable":true,"href":"https:\/\/www.lafresca.fm\/fresca-api-json\/wp\/v2\/comments?post=10546"}],"version-history":[{"count":3,"href":"https:\/\/www.lafresca.fm\/fresca-api-json\/wp\/v2\/posts\/10546\/revisions"}],"predecessor-version":[{"id":10552,"href":"https:\/\/www.lafresca.fm\/fresca-api-json\/wp\/v2\/posts\/10546\/revisions\/10552"}],"wp:featuredmedia":[{"embeddable":true,"href":"https:\/\/www.lafresca.fm\/fresca-api-json\/wp\/v2\/media\/10548"}],"wp:attachment":[{"href":"https:\/\/www.lafresca.fm\/fresca-api-json\/wp\/v2\/media?parent=10546"}],"wp:term":[{"taxonomy":"category","embeddable":true,"href":"https:\/\/www.lafresca.fm\/fresca-api-json\/wp\/v2\/categories?post=10546"},{"taxonomy":"post_tag","embeddable":true,"href":"https:\/\/www.lafresca.fm\/fresca-api-json\/wp\/v2\/tags?post=10546"}],"curies":[{"name":"wp","href":"https:\/\/api.w.org\/{rel}","templated":true}]}}