{"id":10568,"date":"2023-10-02T12:15:10","date_gmt":"2023-10-02T10:15:10","guid":{"rendered":"https:\/\/www.lafresca.fm\/?p=10568"},"modified":"2023-10-02T12:20:53","modified_gmt":"2023-10-02T10:20:53","slug":"castalla-presenta-la-programacion-para-celebrar-el-9-de-octubre-junto-al-tejido-asociativo-y-cultural-local","status":"publish","type":"post","link":"https:\/\/www.lafresca.fm\/castalla-presenta-la-programacion-para-celebrar-el-9-de-octubre-junto-al-tejido-asociativo-y-cultural-local\/","title":{"rendered":"Castalla presenta la programaci\u00f3n para celebrar el 9 de octubre junto al tejido asociativo y cultural local"},"content":{"rendered":"\n<p>La propuesta para el D\u00eda de la Comunitat Valenciana recupera la paella gigante, junto a excursiones, deporte, talleres, conciertos y m\u00fasica<\/p>\n\n\n\n<p>El Ayuntamiento de Castalla ha presentado la programaci\u00f3n para celebrar la festividad del 9 de octubre, D\u00eda de la Comunitat Valenciana. Para ello, el Consistorio cuenta con la colaboraci\u00f3n de numerosas muestras del tejido asociativo y cultural de la localidad. Durante toda la ma\u00f1ana, los vecinos y vecinas de la capital de la Foia podr\u00e1n participar en excursiones, actividades deportivas, talleres, conciertos y m\u00fasica. Como colof\u00f3n de todo, el Ayuntamiento ha recuperado la paella gigante, para que la ciudadan\u00eda pueda comer junta en el parque municipal.<\/p>\n\n\n\n<figure class=\"wp-block-image size-large\"><img fetchpriority=\"high\" decoding=\"async\" width=\"1170\" height=\"659\" src=\"https:\/\/www.lafresca.fm\/f-solosog\/2023\/10\/20231002_112154-1170x659.jpg\" alt=\"\" class=\"wp-image-10569\" srcset=\"https:\/\/www.lafresca.fm\/f-solosog\/2023\/10\/20231002_112154-1170x659.jpg 1170w, https:\/\/www.lafresca.fm\/f-solosog\/2023\/10\/20231002_112154-770x434.jpg 770w, https:\/\/www.lafresca.fm\/f-solosog\/2023\/10\/20231002_112154-768x432.jpg 768w, https:\/\/www.lafresca.fm\/f-solosog\/2023\/10\/20231002_112154-1536x865.jpg 1536w, https:\/\/www.lafresca.fm\/f-solosog\/2023\/10\/20231002_112154-2048x1153.jpg 2048w\" sizes=\"(max-width: 1170px) 100vw, 1170px\" \/><\/figure>\n\n\n\n<p>El alcalde castellut, Jes\u00fas L\u00f3pez, ha indicado que \u201chemos organizado un 9 de octubre, d\u00eda de todos los valencianos y valencianas, con una interesante propuesta de actividades gracias a la colaboraci\u00f3n del rico tejido asociativo y cultural con el que contamos en Castalla\u201d. En este sentido, ha dicho el primer edil, \u201cdurante la jornada vamos a poder ver una muestra representativa de las tradiciones, la cultura y la historia de Castalla, que est\u00e1 muy viva y es un orgullo para nosotros\u201d.<\/p>\n\n\n\n<p>En cuanto a la programaci\u00f3n, las actividades para celebrar el 9 de octubre en Castalla quedan de la siguiente manera. A las 9:30 horas empieza la jornada con una vuelta en bicicleta por el entorno de la ciudad. Entre las 11 y las 13:00 horas ser\u00e1 el turno de los talleres y actividades dirigidas al p\u00fablico infantil y juvenil. A las 11:00 horas, turno para el deporte con la partida de Pilota Valenciana en la calle Mayor. M\u00e1s tarde, a las 12:00 horas se realizar\u00e1 el pasacalles y concierto, de la mano de Cors i Danses y El Sogall. Finalmente, a partir de las 13:30 horas llega el plato fuerte, con la paella gigante que se cocinar\u00e1 en el parque municipal. Para degustarla hay que aportar un donativo de 3 euros, a beneficio de la asociaci\u00f3n AFA Castalla y Onil. Para amenizar la comida habr\u00e1 animaci\u00f3n musical a partir de las 14:00 horas.<\/p>\n\n\n\n<p>Por su parte, el concejal de Cultura, Jos\u00e9 Rico, ha invitado \u201ca toda la poblaci\u00f3n a asistir y celebrar en hermandad el 9 de octubre, participar en las diferentes actividades durante la ma\u00f1ana y finalizar la jornada con la paella, una tradici\u00f3n t\u00edpica de Castalla que hemos recuperado, en compa\u00f1\u00eda de todo el tejido asociativo de nuestra ciudad\u201d.<\/p>\n\n\n\n<p>Desde el Ayuntamiento se ha convocado a los vecinos y vecinas de Castalla para celebrar de manera conjunta el 9 de octubre, D\u00eda de la Comunitat Valenciana.<\/p>\n<script>function PlayerjsAsync(){} if(window[\"Playerjs\"]){PlayerjsAsync();}<\/script>","protected":false},"excerpt":{"rendered":"<p>La propuesta para el D\u00eda de la Comunitat Valenciana recupera la paella gigante<\/p>\n","protected":false},"author":2,"featured_media":10569,"comment_status":"closed","ping_status":"closed","sticky":false,"template":"","format":"standard","meta":{"_monsterinsights_skip_tracking":false,"_monsterinsights_sitenote_active":false,"_monsterinsights_sitenote_note":"","_monsterinsights_sitenote_category":0,"footnotes":""},"categories":[4],"tags":[144],"class_list":["post-10568","post","type-post","status-publish","format-standard","has-post-thumbnail","hentry","category-alicante","tag-castalla"],"aioseo_notices":[],"_links":{"self":[{"href":"https:\/\/www.lafresca.fm\/fresca-api-json\/wp\/v2\/posts\/10568","targetHints":{"allow":["GET"]}}],"collection":[{"href":"https:\/\/www.lafresca.fm\/fresca-api-json\/wp\/v2\/posts"}],"about":[{"href":"https:\/\/www.lafresca.fm\/fresca-api-json\/wp\/v2\/types\/post"}],"author":[{"embeddable":true,"href":"https:\/\/www.lafresca.fm\/fresca-api-json\/wp\/v2\/users\/2"}],"replies":[{"embeddable":true,"href":"https:\/\/www.lafresca.fm\/fresca-api-json\/wp\/v2\/comments?post=10568"}],"version-history":[{"count":3,"href":"https:\/\/www.lafresca.fm\/fresca-api-json\/wp\/v2\/posts\/10568\/revisions"}],"predecessor-version":[{"id":10572,"href":"https:\/\/www.lafresca.fm\/fresca-api-json\/wp\/v2\/posts\/10568\/revisions\/10572"}],"wp:featuredmedia":[{"embeddable":true,"href":"https:\/\/www.lafresca.fm\/fresca-api-json\/wp\/v2\/media\/10569"}],"wp:attachment":[{"href":"https:\/\/www.lafresca.fm\/fresca-api-json\/wp\/v2\/media?parent=10568"}],"wp:term":[{"taxonomy":"category","embeddable":true,"href":"https:\/\/www.lafresca.fm\/fresca-api-json\/wp\/v2\/categories?post=10568"},{"taxonomy":"post_tag","embeddable":true,"href":"https:\/\/www.lafresca.fm\/fresca-api-json\/wp\/v2\/tags?post=10568"}],"curies":[{"name":"wp","href":"https:\/\/api.w.org\/{rel}","templated":true}]}}