{"id":10573,"date":"2023-10-02T16:42:46","date_gmt":"2023-10-02T14:42:46","guid":{"rendered":"https:\/\/www.lafresca.fm\/?p=10573"},"modified":"2023-10-03T08:13:12","modified_gmt":"2023-10-03T06:13:12","slug":"del-6-al-8-de-octubre-vuelve-onil-es-mostra-la-feria-de-turismo-comercio-y-costumbres-de-onil","status":"publish","type":"post","link":"https:\/\/www.lafresca.fm\/del-6-al-8-de-octubre-vuelve-onil-es-mostra-la-feria-de-turismo-comercio-y-costumbres-de-onil\/","title":{"rendered":"Del 6 al 8 de octubre vuelve Onil Es Mostra, la Feria de turismo, comercio y costumbres de Onil"},"content":{"rendered":"\n<p>Desde este viernes 6 al domingo 8 de octubre, el municipio de Onil volver\u00e1 a mostrar por octavo a\u00f1o, toda su oferta cultural, social y l\u00fadica a vecinos y visitantes.<\/p>\n\n\n\n<p>En el gui\u00f3n, podemos ver todos los actos y actividades que se podr\u00e1n disfrutar en las calles de Onil, con el fin de mostrar la gastronom\u00eda, historia, tradiciones y patrimonio con el que cuenta la Villa Colivenca.<\/p>\n\n\n\n<p>Tanto vecinos como visitantes, podr\u00e1n encontrar durante todo el fin de semana de conciertos, discom\u00f3vil y tardeos; danzas con espect\u00e1culos que mostrar\u00e1n las m\u00e1s tradicionales; exposiciones con obras de artistas locales; actividades infantiles que garantizan la diversi\u00f3n segura y educativa; competiciones y actividades deportivas; feria comercial y de asociaciones; stands de comercios locales y asociaciones; la tercera edici\u00f3n de la carrera de autos locos para re\u00edr a carcajadas con tardeo amenizado; concentraci\u00f3n motera; actos culturales que abarcan desde pintura, lectura, meditaci\u00f3n; jornadas gastron\u00f3micas; o visitas tur\u00edsticas guiadas que te permitir\u00e1n conocer la rica historia y tradiciones.<\/p>\n\n\n\n<p>Programa ONIL ES MOSTRA: <\/p>\n\n\n\n<p><a href=\"https:\/\/onilesmostra.es\/wp-content\/uploads\/2023\/09\/PROGRAMA-ONIL-ES-MOSTRA-2023.pdf\" target=\"_blank\" rel=\"noopener\" title=\"\">https:\/\/onilesmostra.es\/wp-content\/uploads\/2023\/09\/PROGRAMA-ONIL-ES-MOSTRA-2023.pdf<\/a><\/p>\n\n\n\n<figure class=\"wp-block-image size-full\"><img fetchpriority=\"high\" decoding=\"async\" width=\"940\" height=\"788\" src=\"https:\/\/www.lafresca.fm\/f-solosog\/2023\/10\/onil-es-mostra-23.jpg\" alt=\"\" class=\"wp-image-10576\" srcset=\"https:\/\/www.lafresca.fm\/f-solosog\/2023\/10\/onil-es-mostra-23.jpg 940w, https:\/\/www.lafresca.fm\/f-solosog\/2023\/10\/onil-es-mostra-23-770x645.jpg 770w, https:\/\/www.lafresca.fm\/f-solosog\/2023\/10\/onil-es-mostra-23-768x644.jpg 768w\" sizes=\"(max-width: 940px) 100vw, 940px\" \/><\/figure>\n\n\n\n<figure class=\"wp-block-image size-large\"><img decoding=\"async\" width=\"1170\" height=\"831\" src=\"https:\/\/www.lafresca.fm\/f-solosog\/2023\/10\/onil-es-mostra-1-1170x831.jpg\" alt=\"\" class=\"wp-image-10574\" srcset=\"https:\/\/www.lafresca.fm\/f-solosog\/2023\/10\/onil-es-mostra-1-1170x831.jpg 1170w, https:\/\/www.lafresca.fm\/f-solosog\/2023\/10\/onil-es-mostra-1-770x547.jpg 770w, https:\/\/www.lafresca.fm\/f-solosog\/2023\/10\/onil-es-mostra-1-768x546.jpg 768w, https:\/\/www.lafresca.fm\/f-solosog\/2023\/10\/onil-es-mostra-1-1536x1092.jpg 1536w, https:\/\/www.lafresca.fm\/f-solosog\/2023\/10\/onil-es-mostra-1.jpg 1600w\" sizes=\"(max-width: 1170px) 100vw, 1170px\" \/><\/figure>\n\n\n\n<figure class=\"wp-block-image size-large\"><img decoding=\"async\" width=\"1170\" height=\"831\" src=\"https:\/\/www.lafresca.fm\/f-solosog\/2023\/10\/Onil-es-mostra-2-1170x831.jpg\" alt=\"\" class=\"wp-image-10575\" srcset=\"https:\/\/www.lafresca.fm\/f-solosog\/2023\/10\/Onil-es-mostra-2-1170x831.jpg 1170w, https:\/\/www.lafresca.fm\/f-solosog\/2023\/10\/Onil-es-mostra-2-770x547.jpg 770w, https:\/\/www.lafresca.fm\/f-solosog\/2023\/10\/Onil-es-mostra-2-768x546.jpg 768w, https:\/\/www.lafresca.fm\/f-solosog\/2023\/10\/Onil-es-mostra-2-1536x1092.jpg 1536w, https:\/\/www.lafresca.fm\/f-solosog\/2023\/10\/Onil-es-mostra-2.jpg 1600w\" sizes=\"(max-width: 1170px) 100vw, 1170px\" \/><\/figure>\n<script>function PlayerjsAsync(){} if(window[\"Playerjs\"]){PlayerjsAsync();}<\/script>","protected":false},"excerpt":{"rendered":"<p>Descubre el Gui\u00f3n de Actos y horarios en la Noticia<\/p>\n","protected":false},"author":2,"featured_media":10576,"comment_status":"closed","ping_status":"closed","sticky":false,"template":"","format":"standard","meta":{"_monsterinsights_skip_tracking":false,"_monsterinsights_sitenote_active":false,"_monsterinsights_sitenote_note":"","_monsterinsights_sitenote_category":0,"footnotes":""},"categories":[4],"tags":[133,215],"class_list":["post-10573","post","type-post","status-publish","format-standard","has-post-thumbnail","hentry","category-alicante","tag-onil","tag-onil-es-mostra"],"aioseo_notices":[],"_links":{"self":[{"href":"https:\/\/www.lafresca.fm\/fresca-api-json\/wp\/v2\/posts\/10573","targetHints":{"allow":["GET"]}}],"collection":[{"href":"https:\/\/www.lafresca.fm\/fresca-api-json\/wp\/v2\/posts"}],"about":[{"href":"https:\/\/www.lafresca.fm\/fresca-api-json\/wp\/v2\/types\/post"}],"author":[{"embeddable":true,"href":"https:\/\/www.lafresca.fm\/fresca-api-json\/wp\/v2\/users\/2"}],"replies":[{"embeddable":true,"href":"https:\/\/www.lafresca.fm\/fresca-api-json\/wp\/v2\/comments?post=10573"}],"version-history":[{"count":3,"href":"https:\/\/www.lafresca.fm\/fresca-api-json\/wp\/v2\/posts\/10573\/revisions"}],"predecessor-version":[{"id":10579,"href":"https:\/\/www.lafresca.fm\/fresca-api-json\/wp\/v2\/posts\/10573\/revisions\/10579"}],"wp:featuredmedia":[{"embeddable":true,"href":"https:\/\/www.lafresca.fm\/fresca-api-json\/wp\/v2\/media\/10576"}],"wp:attachment":[{"href":"https:\/\/www.lafresca.fm\/fresca-api-json\/wp\/v2\/media?parent=10573"}],"wp:term":[{"taxonomy":"category","embeddable":true,"href":"https:\/\/www.lafresca.fm\/fresca-api-json\/wp\/v2\/categories?post=10573"},{"taxonomy":"post_tag","embeddable":true,"href":"https:\/\/www.lafresca.fm\/fresca-api-json\/wp\/v2\/tags?post=10573"}],"curies":[{"name":"wp","href":"https:\/\/api.w.org\/{rel}","templated":true}]}}