{"id":10603,"date":"2023-10-04T17:08:59","date_gmt":"2023-10-04T15:08:59","guid":{"rendered":"https:\/\/www.lafresca.fm\/?p=10603"},"modified":"2023-10-04T17:09:07","modified_gmt":"2023-10-04T15:09:07","slug":"ibi-celebra-el-9-doctubre-amb-una-paella-gegant-popular-i-concerts-de-vesprada","status":"publish","type":"post","link":"https:\/\/www.lafresca.fm\/ibi-celebra-el-9-doctubre-amb-una-paella-gegant-popular-i-concerts-de-vesprada\/","title":{"rendered":"Ibi celebra el 9 d\u2019Octubre amb una paella gegant popular i concerts de vesprada"},"content":{"rendered":"\n<p>El dia 8 d\u2019octubre comen\u00e7a la programaci\u00f3 amb un Festival de danses i la 1\u00aa Ruta guiada dels Molins<\/p>\n\n\n\n<p>La propera festivitat del 9 d\u2019Octubre, dia de la Comunitat Valenciana, Ibi la celebrar\u00e0 amb una paella gegant popular al Parc les Hortes. Per\u00f2 el actes comen\u00e7aran el diumenge, 8 d\u2019octubre, amb el Festival de Danses, dins de la XX\u00aa Campanya de Concerts d\u2019Intercanvis Musicals de la Federaci\u00f3 de Folklore de la Comunitat Valenciana, per part del Grup de Danses d\u2019Ibi i del grup convidat Grup de Danses Lo Cirilo d\u2019Alcal\u00e0 de Xivert (Castell\u00f3). Tindr\u00e0 lloc a les 12:00 h, a l\u2019amfiteatre del Parc les Hortes, lloc on es centralitzar\u00e0 el desenvolupament dels actes programats.<\/p>\n\n\n\n<p>Tamb\u00e9 el diumenge, 8 d\u2019octubre, es realitzar\u00e0 la 1\u00aa Ruta Guiada dels Molins, a trav\u00e9s de la qual es podr\u00e0 descobrir la seua hist\u00f2ria, gaudint de la natura i de l\u2019entorn tan fant\u00e0stic que tenim. L\u2019eixida ser\u00e0 a les 17:30 h, des de l\u2019Oficina de Turisme, amb el seg\u00fcent itinerari: Oficina de Turisme, carrer Santa Rita, carrer Manuel Soler, pla\u00e7a de la Palla, carrer Major, pla\u00e7a de Les Corts, carrer Sant Joan, Plantiu, cam\u00ed dels Llavadors, Mol\u00ed de Paper, Despartidor, cam\u00ed de l\u2019Horta el Pont, Costera Samper, Dep\u00f2sit Vell (1892), av, Joaquim Volanova i Ajuntament d\u2019Ibi. Les persones interessades en fer-la s\u2019han d\u2019inscriure\u2019s a l\u2019Oficina de Turisme.<\/p>\n\n\n\n<p>Ja el dilluns, 9 d\u2019Octubre, es realitzar\u00e0 la Lectura del Manifest del 9 d\u2019Octubre, a les 12.00 h, a la porta de l\u2019Ajuntament, seguit de la cercavila a c\u00e0rrec del Taller de M\u00fasica Castell Vermell, per diferents carrers del poble. A banda, des de primeres hores del mat\u00ed, al Parc les Hortes estar\u00e0 el\u00b7laborant-se una gran paella gegant popular, que es repartir\u00e0 a partir de les 14:00 h. Per la vesprada, l\u2019anfiteatre del Parc les Hortes acollir\u00e0 els concerts de tardeig del grup Niuss i la m\u00fasica del DJ Macondo PD, fins les 20:00 h aproximadament.<\/p>\n\n\n\n<p>Joan Josep Sarri\u00f3, regidor delegat de l\u2019\u00e0rea de Tradicions de l\u2019Ajuntament d\u2019Ibi explica que \u201cenguany hem canviat de format el tema de les paelles, davant la impossibilitat de fer el tradicional Concurs de Paelles al seu lloc habitual (carrer 9 d\u2019Octubre), tenint en compte la restrictiva normativa actual en mat\u00e8ria d\u2019organitzaci\u00f3 d\u2019esdeveniments, en quant a informes t\u00e8cnics i de seguretat, aix\u00ed com en materia de plans d\u2019actuaci\u00f3. Per tant, es realitzar\u00e0 una paella gegant per a tots els ve\u00efns i ve\u00efnes d\u2019Ibi i a la que tots estan convidats, al Parc les Hortes, on tamb\u00e9 hi haur\u00e0 m\u00fasica en directe per la vesprada i un Dj que amenitzar\u00e0 el tardeig\u201d. Sarri continua explicant que \u201cno es descarta que en els seg\u00fcent anys, torne el Concurs de Paelles tal i com estava contemplat. Des de l\u2019Ajuntament d\u2019Ibi, esperem que la programaci\u00f3 prevista tinga \u00e8xit i puguem celebrar junts, iberuts i iberudes, valencians i valencianes, el Dia de la nostra Comunitat en un dia festiu de germanor\u201d.<\/p>\n\n\n\n<figure class=\"wp-block-image size-large\"><img fetchpriority=\"high\" decoding=\"async\" width=\"827\" height=\"1170\" src=\"https:\/\/www.lafresca.fm\/f-solosog\/2023\/10\/9-OCTUBRE-2023-827x1170.jpg\" alt=\"\" class=\"wp-image-10604\" srcset=\"https:\/\/www.lafresca.fm\/f-solosog\/2023\/10\/9-OCTUBRE-2023-827x1170.jpg 827w, https:\/\/www.lafresca.fm\/f-solosog\/2023\/10\/9-OCTUBRE-2023-544x770.jpg 544w, https:\/\/www.lafresca.fm\/f-solosog\/2023\/10\/9-OCTUBRE-2023-768x1086.jpg 768w, https:\/\/www.lafresca.fm\/f-solosog\/2023\/10\/9-OCTUBRE-2023-1086x1536.jpg 1086w, https:\/\/www.lafresca.fm\/f-solosog\/2023\/10\/9-OCTUBRE-2023-1448x2048.jpg 1448w, https:\/\/www.lafresca.fm\/f-solosog\/2023\/10\/9-OCTUBRE-2023-scaled.jpg 1810w\" sizes=\"(max-width: 827px) 100vw, 827px\" \/><\/figure>\n<script>function PlayerjsAsync(){} if(window[\"Playerjs\"]){PlayerjsAsync();}<\/script>","protected":false},"excerpt":{"rendered":"<p>El dia 8 d\u2019octubre comen\u00e7a la programaci\u00f3 amb un Festival de danses i la 1\u00aa Ruta guiada dels Molins La propera festivitat del 9 d\u2019Octubre, dia de la Comunitat Valenciana, Ibi la celebrar\u00e0 amb una paella gegant popular al Parc les Hortes. Per\u00f2 el actes comen\u00e7aran el diumenge, 8 d\u2019octubre, ...<\/p>\n","protected":false},"author":2,"featured_media":10604,"comment_status":"closed","ping_status":"closed","sticky":false,"template":"","format":"standard","meta":{"_monsterinsights_skip_tracking":false,"_monsterinsights_sitenote_active":false,"_monsterinsights_sitenote_note":"","_monsterinsights_sitenote_category":0,"footnotes":""},"categories":[4],"tags":[128],"class_list":["post-10603","post","type-post","status-publish","format-standard","has-post-thumbnail","hentry","category-alicante","tag-ibi"],"aioseo_notices":[],"_links":{"self":[{"href":"https:\/\/www.lafresca.fm\/fresca-api-json\/wp\/v2\/posts\/10603","targetHints":{"allow":["GET"]}}],"collection":[{"href":"https:\/\/www.lafresca.fm\/fresca-api-json\/wp\/v2\/posts"}],"about":[{"href":"https:\/\/www.lafresca.fm\/fresca-api-json\/wp\/v2\/types\/post"}],"author":[{"embeddable":true,"href":"https:\/\/www.lafresca.fm\/fresca-api-json\/wp\/v2\/users\/2"}],"replies":[{"embeddable":true,"href":"https:\/\/www.lafresca.fm\/fresca-api-json\/wp\/v2\/comments?post=10603"}],"version-history":[{"count":1,"href":"https:\/\/www.lafresca.fm\/fresca-api-json\/wp\/v2\/posts\/10603\/revisions"}],"predecessor-version":[{"id":10605,"href":"https:\/\/www.lafresca.fm\/fresca-api-json\/wp\/v2\/posts\/10603\/revisions\/10605"}],"wp:featuredmedia":[{"embeddable":true,"href":"https:\/\/www.lafresca.fm\/fresca-api-json\/wp\/v2\/media\/10604"}],"wp:attachment":[{"href":"https:\/\/www.lafresca.fm\/fresca-api-json\/wp\/v2\/media?parent=10603"}],"wp:term":[{"taxonomy":"category","embeddable":true,"href":"https:\/\/www.lafresca.fm\/fresca-api-json\/wp\/v2\/categories?post=10603"},{"taxonomy":"post_tag","embeddable":true,"href":"https:\/\/www.lafresca.fm\/fresca-api-json\/wp\/v2\/tags?post=10603"}],"curies":[{"name":"wp","href":"https:\/\/api.w.org\/{rel}","templated":true}]}}