{"id":10612,"date":"2023-10-05T15:46:25","date_gmt":"2023-10-05T13:46:25","guid":{"rendered":"https:\/\/www.lafresca.fm\/?p=10612"},"modified":"2023-10-05T15:46:28","modified_gmt":"2023-10-05T13:46:28","slug":"lespai-dani-vidal-cientifico-marino-y-escritor-de-la-novela-el-paraiso-flotante","status":"publish","type":"post","link":"https:\/\/www.lafresca.fm\/lespai-dani-vidal-cientifico-marino-y-escritor-de-la-novela-el-paraiso-flotante\/","title":{"rendered":"Lespai: Dani Vidal, Cient\u00edfico Marino y escritor de la Novela &#8216;El paraiso Flotante&#8217;"},"content":{"rendered":"\n<p>\ud83c\udf99 LESPAI con Rosana Guill: \ud83d\udcd6 En la primera parte del programa de hoy, nos ha visitado Dani Vidal. El joven de #Onil es Cient\u00edfico Marino, tiene 22 a\u00f1os y ha escrito su novela debut titulada &#8216;El Paraiso Flotante&#8217;.<\/p>\n\n\n\n<p>*Historia de la Novela*<br>Conoce a Sardi Rollian, una de las mejores detectives de la galaxia. En su \u00faltimo caso, Rollian, deber\u00e1 resolver un asesinato en uno de los hoteles m\u00e1s prestigiosos de la historia: El Para\u00edso Flotante. Averigua qui\u00e9n es el asesino en este libro que mezcla elementos de misterio y ciencia ficci\u00f3n.<\/p>\n\n\n\n<figure class=\"wp-block-audio\"><audio controls src=\"https:\/\/www.lafresca.fm\/f-solosog\/2023\/10\/LESPAI-Jueves-5-Octubre-2023-Dani-Vidal-Ok-.mp3\"><\/audio><\/figure>\n\n\n\n<figure class=\"wp-block-image size-large\"><img fetchpriority=\"high\" decoding=\"async\" width=\"1170\" height=\"878\" src=\"https:\/\/www.lafresca.fm\/f-solosog\/2023\/10\/Dani-Vidal-51023-1170x878.jpg\" alt=\"\" class=\"wp-image-10613\" srcset=\"https:\/\/www.lafresca.fm\/f-solosog\/2023\/10\/Dani-Vidal-51023-1170x878.jpg 1170w, https:\/\/www.lafresca.fm\/f-solosog\/2023\/10\/Dani-Vidal-51023-770x578.jpg 770w, https:\/\/www.lafresca.fm\/f-solosog\/2023\/10\/Dani-Vidal-51023-768x576.jpg 768w, https:\/\/www.lafresca.fm\/f-solosog\/2023\/10\/Dani-Vidal-51023-1536x1152.jpg 1536w, https:\/\/www.lafresca.fm\/f-solosog\/2023\/10\/Dani-Vidal-51023.jpg 2000w\" sizes=\"(max-width: 1170px) 100vw, 1170px\" \/><\/figure>\n<script>function PlayerjsAsync(){} if(window[\"Playerjs\"]){PlayerjsAsync();}<\/script>","protected":false},"excerpt":{"rendered":"<p>El joven de Onil es Cient\u00edfico Marino, tiene 22 a\u00f1os y ha escrito su novela debut titulada &#8216;El Paraiso Flotante&#8217;.<\/p>\n","protected":false},"author":2,"featured_media":10613,"comment_status":"closed","ping_status":"closed","sticky":false,"template":"","format":"standard","meta":{"_monsterinsights_skip_tracking":false,"_monsterinsights_sitenote_active":false,"_monsterinsights_sitenote_note":"","_monsterinsights_sitenote_category":0,"footnotes":""},"categories":[4],"tags":[611,133],"class_list":["post-10612","post","type-post","status-publish","format-standard","has-post-thumbnail","hentry","category-alicante","tag-dani-vidal","tag-onil"],"aioseo_notices":[],"_links":{"self":[{"href":"https:\/\/www.lafresca.fm\/fresca-api-json\/wp\/v2\/posts\/10612","targetHints":{"allow":["GET"]}}],"collection":[{"href":"https:\/\/www.lafresca.fm\/fresca-api-json\/wp\/v2\/posts"}],"about":[{"href":"https:\/\/www.lafresca.fm\/fresca-api-json\/wp\/v2\/types\/post"}],"author":[{"embeddable":true,"href":"https:\/\/www.lafresca.fm\/fresca-api-json\/wp\/v2\/users\/2"}],"replies":[{"embeddable":true,"href":"https:\/\/www.lafresca.fm\/fresca-api-json\/wp\/v2\/comments?post=10612"}],"version-history":[{"count":1,"href":"https:\/\/www.lafresca.fm\/fresca-api-json\/wp\/v2\/posts\/10612\/revisions"}],"predecessor-version":[{"id":10615,"href":"https:\/\/www.lafresca.fm\/fresca-api-json\/wp\/v2\/posts\/10612\/revisions\/10615"}],"wp:featuredmedia":[{"embeddable":true,"href":"https:\/\/www.lafresca.fm\/fresca-api-json\/wp\/v2\/media\/10613"}],"wp:attachment":[{"href":"https:\/\/www.lafresca.fm\/fresca-api-json\/wp\/v2\/media?parent=10612"}],"wp:term":[{"taxonomy":"category","embeddable":true,"href":"https:\/\/www.lafresca.fm\/fresca-api-json\/wp\/v2\/categories?post=10612"},{"taxonomy":"post_tag","embeddable":true,"href":"https:\/\/www.lafresca.fm\/fresca-api-json\/wp\/v2\/tags?post=10612"}],"curies":[{"name":"wp","href":"https:\/\/api.w.org\/{rel}","templated":true}]}}