{"id":10622,"date":"2023-10-06T08:18:12","date_gmt":"2023-10-06T06:18:12","guid":{"rendered":"https:\/\/www.lafresca.fm\/?p=10622"},"modified":"2023-10-06T08:18:14","modified_gmt":"2023-10-06T06:18:14","slug":"la-judoca-castallense-adriana-rodriguez-quinta-en-el-campeonato-del-mundo-junior-de-judo-2023","status":"publish","type":"post","link":"https:\/\/www.lafresca.fm\/la-judoca-castallense-adriana-rodriguez-quinta-en-el-campeonato-del-mundo-junior-de-judo-2023\/","title":{"rendered":"La Judoca Castallense Adriana Rodr\u00edguez, Quinta en el Campeonato del Mundo Junior de Judo 2023"},"content":{"rendered":"\n<p>La Judoca Castallense Adriana Rodr\u00edguez Salvador, Quinta en el Campeonato del Mundo Junior de Judo 2023 celebrado hoy en Odivela (Portugal) <img decoding=\"async\" height=\"16\" width=\"16\" alt=\"\ud83c\uddf5\ud83c\uddf9\" src=\"https:\/\/static.xx.fbcdn.net\/images\/emoji.php\/v9\/te8\/1\/16\/1f1f5_1f1f9.png\"><\/p>\n\n\n\n<p>Adriana regresaba a los tatamis para, en este caso, disputar el Campeonato del Mundo en Odivela (Portugal). La judoca de 19 a\u00f1os, categor\u00eda de menos (57 kg), confesaba d\u00edas previos al mundial lo siguiente: Llego al Mundial casi igual que al Campeonato de Europa. Es decir, sigo teniendo algunas molestias. Pero ya tengo la experiencia y el precedente positivo del Europeo de hace apenas un mes. Me blindar\u00e9 psicol\u00f3gicamente, asumir\u00e9 que tendr\u00e9 que competir con algo de dolor, llevar\u00e9 una protecci\u00f3n en esa rodilla y a por todas.<\/p>\n\n\n\n<figure class=\"wp-block-image size-full\"><img fetchpriority=\"high\" decoding=\"async\" width=\"556\" height=\"702\" src=\"https:\/\/www.lafresca.fm\/f-solosog\/2023\/10\/386607113_618778600468084_2988130810621687514_n.jpg\" alt=\"\" class=\"wp-image-10623\"\/><\/figure>\n<script>function PlayerjsAsync(){} if(window[\"Playerjs\"]){PlayerjsAsync();}<\/script>","protected":false},"excerpt":{"rendered":"<p>Lo ha conseguido en Odivela (Portugal)<\/p>\n","protected":false},"author":2,"featured_media":10623,"comment_status":"closed","ping_status":"closed","sticky":false,"template":"","format":"standard","meta":{"_monsterinsights_skip_tracking":false,"_monsterinsights_sitenote_active":false,"_monsterinsights_sitenote_note":"","_monsterinsights_sitenote_category":0,"footnotes":""},"categories":[4],"tags":[144,390],"class_list":["post-10622","post","type-post","status-publish","format-standard","has-post-thumbnail","hentry","category-alicante","tag-castalla","tag-judo"],"aioseo_notices":[],"_links":{"self":[{"href":"https:\/\/www.lafresca.fm\/fresca-api-json\/wp\/v2\/posts\/10622","targetHints":{"allow":["GET"]}}],"collection":[{"href":"https:\/\/www.lafresca.fm\/fresca-api-json\/wp\/v2\/posts"}],"about":[{"href":"https:\/\/www.lafresca.fm\/fresca-api-json\/wp\/v2\/types\/post"}],"author":[{"embeddable":true,"href":"https:\/\/www.lafresca.fm\/fresca-api-json\/wp\/v2\/users\/2"}],"replies":[{"embeddable":true,"href":"https:\/\/www.lafresca.fm\/fresca-api-json\/wp\/v2\/comments?post=10622"}],"version-history":[{"count":1,"href":"https:\/\/www.lafresca.fm\/fresca-api-json\/wp\/v2\/posts\/10622\/revisions"}],"predecessor-version":[{"id":10624,"href":"https:\/\/www.lafresca.fm\/fresca-api-json\/wp\/v2\/posts\/10622\/revisions\/10624"}],"wp:featuredmedia":[{"embeddable":true,"href":"https:\/\/www.lafresca.fm\/fresca-api-json\/wp\/v2\/media\/10623"}],"wp:attachment":[{"href":"https:\/\/www.lafresca.fm\/fresca-api-json\/wp\/v2\/media?parent=10622"}],"wp:term":[{"taxonomy":"category","embeddable":true,"href":"https:\/\/www.lafresca.fm\/fresca-api-json\/wp\/v2\/categories?post=10622"},{"taxonomy":"post_tag","embeddable":true,"href":"https:\/\/www.lafresca.fm\/fresca-api-json\/wp\/v2\/tags?post=10622"}],"curies":[{"name":"wp","href":"https:\/\/api.w.org\/{rel}","templated":true}]}}