{"id":10633,"date":"2023-10-11T08:41:44","date_gmt":"2023-10-11T06:41:44","guid":{"rendered":"https:\/\/www.lafresca.fm\/?p=10633"},"modified":"2023-10-11T08:41:46","modified_gmt":"2023-10-11T06:41:46","slug":"la-delegada-del-consell-en-alicante-se-reune-con-los-alcaldes-de-ibi-y-onil-para-abordar-las-necesidades-de-ambos-municipios","status":"publish","type":"post","link":"https:\/\/www.lafresca.fm\/la-delegada-del-consell-en-alicante-se-reune-con-los-alcaldes-de-ibi-y-onil-para-abordar-las-necesidades-de-ambos-municipios\/","title":{"rendered":"La delegada del Consell en Alicante se re\u00fane con los alcaldes de Ibi y Onil para abordar las necesidades de ambos municipios"},"content":{"rendered":"\n<p>La delegada del Consell en Alicante, Agustina Esteve, se ha reunido este jueves con los alcaldes de Ibi, Sergio Carrasco; y Onil, Jaime Pascual Berenguer. La reuni\u00f3n ten\u00eda por objeto conocer de primera mano las necesidades y prioridades de los ayuntamientos de ambos municipios, as\u00ed como el estado real de las inversiones de la Generalitat en las dos localidades.&nbsp;<\/p>\n\n\n\n<p>En el primer encuentro, Agustina Esteve y Sergio Carrasco han tratado iniciativas como la Casa de los Reyes Magos y la residencia para personas mayores. Junto a estos asuntos, el alcalde tambi\u00e9n ha informado a la delegada del Consell de iniciativas en materia cultural y tur\u00edstica. \u00a0\u00a0<\/p>\n\n\n\n<figure class=\"wp-block-image size-large\"><img fetchpriority=\"high\" decoding=\"async\" width=\"1170\" height=\"878\" src=\"https:\/\/www.lafresca.fm\/f-solosog\/2023\/10\/IBI-1170x878.jpg\" alt=\"\" class=\"wp-image-10635\" srcset=\"https:\/\/www.lafresca.fm\/f-solosog\/2023\/10\/IBI-1170x878.jpg 1170w, https:\/\/www.lafresca.fm\/f-solosog\/2023\/10\/IBI-770x578.jpg 770w, https:\/\/www.lafresca.fm\/f-solosog\/2023\/10\/IBI-768x576.jpg 768w, https:\/\/www.lafresca.fm\/f-solosog\/2023\/10\/IBI-1536x1152.jpg 1536w, https:\/\/www.lafresca.fm\/f-solosog\/2023\/10\/IBI-2048x1536.jpg 2048w\" sizes=\"(max-width: 1170px) 100vw, 1170px\" \/><\/figure>\n\n\n\n<p>En este sentido, Esteve ha destacado la \u201ctotal predisposici\u00f3n\u201d del ejecutivo auton\u00f3mico para llevar adelante los proyectos demandados por los vecinos de la localidad. En la reuni\u00f3n con la delegada tambi\u00e9n ha participado la vicealcaldesa de Ibi, Aitana Gand\u00eda.&nbsp;<\/p>\n\n\n\n<p>En el segundo encuentro, celebrado en el Ayuntamiento de Onil, su alcalde, Jaime Pascual Berenguer, ha hecho un repaso a las principales necesidades del municipio, con especial detenimiento en las infraestructuras sociales y educativas, asuntos a los que la Delegaci\u00f3n del Consell dar\u00e1 traslado \u201cde forma inmediata\u201d a las correspondientes consellerias del Gobierno valenciano, tal como ha anunciado Esteve. \u00a0<\/p>\n\n\n\n<figure class=\"wp-block-image size-large\"><img decoding=\"async\" width=\"1170\" height=\"878\" src=\"https:\/\/www.lafresca.fm\/f-solosog\/2023\/10\/ONIL-1-1170x878.jpg\" alt=\"\" class=\"wp-image-10636\" srcset=\"https:\/\/www.lafresca.fm\/f-solosog\/2023\/10\/ONIL-1-1170x878.jpg 1170w, https:\/\/www.lafresca.fm\/f-solosog\/2023\/10\/ONIL-1-770x578.jpg 770w, https:\/\/www.lafresca.fm\/f-solosog\/2023\/10\/ONIL-1-768x576.jpg 768w, https:\/\/www.lafresca.fm\/f-solosog\/2023\/10\/ONIL-1-1536x1152.jpg 1536w, https:\/\/www.lafresca.fm\/f-solosog\/2023\/10\/ONIL-1-2048x1536.jpg 2048w\" sizes=\"(max-width: 1170px) 100vw, 1170px\" \/><\/figure>\n\n\n\n<p>Las reuniones en Ibi y Onil forman parte de la ronda de encuentros y visitas que la delegada del Consell est\u00e1 realizando en la provincia desde que accedi\u00f3 al cargo.&nbsp;<\/p>\n<script>function PlayerjsAsync(){} if(window[\"Playerjs\"]){PlayerjsAsync();}<\/script>","protected":false},"excerpt":{"rendered":"<p>Agustina Esteve conoce de primera mano las prioridades de los dos ayuntamientos<\/p>\n","protected":false},"author":2,"featured_media":10634,"comment_status":"closed","ping_status":"closed","sticky":false,"template":"","format":"standard","meta":{"_monsterinsights_skip_tracking":false,"_monsterinsights_sitenote_active":false,"_monsterinsights_sitenote_note":"","_monsterinsights_sitenote_category":0,"footnotes":""},"categories":[4],"tags":[614,128,133],"class_list":["post-10633","post","type-post","status-publish","format-standard","has-post-thumbnail","hentry","category-alicante","tag-agustina-bravo","tag-ibi","tag-onil"],"aioseo_notices":[],"_links":{"self":[{"href":"https:\/\/www.lafresca.fm\/fresca-api-json\/wp\/v2\/posts\/10633","targetHints":{"allow":["GET"]}}],"collection":[{"href":"https:\/\/www.lafresca.fm\/fresca-api-json\/wp\/v2\/posts"}],"about":[{"href":"https:\/\/www.lafresca.fm\/fresca-api-json\/wp\/v2\/types\/post"}],"author":[{"embeddable":true,"href":"https:\/\/www.lafresca.fm\/fresca-api-json\/wp\/v2\/users\/2"}],"replies":[{"embeddable":true,"href":"https:\/\/www.lafresca.fm\/fresca-api-json\/wp\/v2\/comments?post=10633"}],"version-history":[{"count":1,"href":"https:\/\/www.lafresca.fm\/fresca-api-json\/wp\/v2\/posts\/10633\/revisions"}],"predecessor-version":[{"id":10637,"href":"https:\/\/www.lafresca.fm\/fresca-api-json\/wp\/v2\/posts\/10633\/revisions\/10637"}],"wp:featuredmedia":[{"embeddable":true,"href":"https:\/\/www.lafresca.fm\/fresca-api-json\/wp\/v2\/media\/10634"}],"wp:attachment":[{"href":"https:\/\/www.lafresca.fm\/fresca-api-json\/wp\/v2\/media?parent=10633"}],"wp:term":[{"taxonomy":"category","embeddable":true,"href":"https:\/\/www.lafresca.fm\/fresca-api-json\/wp\/v2\/categories?post=10633"},{"taxonomy":"post_tag","embeddable":true,"href":"https:\/\/www.lafresca.fm\/fresca-api-json\/wp\/v2\/tags?post=10633"}],"curies":[{"name":"wp","href":"https:\/\/api.w.org\/{rel}","templated":true}]}}