{"id":10648,"date":"2023-10-16T17:11:12","date_gmt":"2023-10-16T15:11:12","guid":{"rendered":"https:\/\/www.lafresca.fm\/?p=10648"},"modified":"2023-10-16T17:11:14","modified_gmt":"2023-10-16T15:11:14","slug":"la-rapida-actuacion-de-policia-y-bomberos-evita-que-un-incendio-se-propagase-por-una-vivienda-de-onil","status":"publish","type":"post","link":"https:\/\/www.lafresca.fm\/la-rapida-actuacion-de-policia-y-bomberos-evita-que-un-incendio-se-propagase-por-una-vivienda-de-onil\/","title":{"rendered":"La r\u00e1pida actuaci\u00f3n de polic\u00eda y bomberos evita que un incendio se propagase por una vivienda de Onil"},"content":{"rendered":"\n<p>El incendio se produjo el pasado 6 de octubre a las 18:08 de a tarde. <\/p>\n\n\n\n<p>Se recib\u00eda llamada de un vecino de la C\/Cruces Bajas de Onil, indicando que percib\u00eda un fuerte olor a quemado y observaba que sal\u00eda humo de una vivienda cercana. La patrulla de servicio se desplazaba de urgencia hasta el lugar, comprobando la veracidad de la llamada, observando un incendio en una de las casas. R\u00e1pidamente, la patrulla avis\u00f3 al servicio de bomberos. <\/p>\n\n\n\n<p>Hasta la llegada de bomberos, la patrulla procedi\u00f3 a entrar al domicilio a fin de verificar que no hubiese nadie en riesgo en su interior, para ello, se accedi\u00f3 por la vivienda colindante, trepando por la pared del patio interior y accediendo por el tejado. Desde la terraza se observaba salir humo y llamas, pudiendo entrar con seguridad, revisando que no hab\u00eda ninguna persona en su interior. <\/p>\n\n\n\n<p>Se pudo localizar el propietario de la vivienda minutos despu\u00e9s, desconectando la corriente el\u00e9ctrica y localizando el incendio en una de las habitaciones, los Polic\u00edas pudieron controlar el fuego con extintores y una manguera hasta la llegada de bomberos, que finalizaron las tareas de extinci\u00f3n. <\/p>\n\n\n\n<p>Gracias al aviso vecinal y la intervenci\u00f3n r\u00e1pida de los servicios de emergencia, los da\u00f1os fueron m\u00ednimos.<\/p>\n\n\n\n<figure class=\"wp-block-gallery has-nested-images columns-default is-cropped wp-block-gallery-1 is-layout-flex wp-block-gallery-is-layout-flex\">\n<figure class=\"wp-block-image size-large\"><img fetchpriority=\"high\" decoding=\"async\" width=\"878\" height=\"1170\" data-id=\"10650\" src=\"https:\/\/www.lafresca.fm\/f-solosog\/2023\/10\/WhatsApp-Image-2023-10-07-at-14.54.58-1-878x1170.jpeg\" alt=\"\" class=\"wp-image-10650\" srcset=\"https:\/\/www.lafresca.fm\/f-solosog\/2023\/10\/WhatsApp-Image-2023-10-07-at-14.54.58-1-878x1170.jpeg 878w, https:\/\/www.lafresca.fm\/f-solosog\/2023\/10\/WhatsApp-Image-2023-10-07-at-14.54.58-1-578x770.jpeg 578w, https:\/\/www.lafresca.fm\/f-solosog\/2023\/10\/WhatsApp-Image-2023-10-07-at-14.54.58-1-768x1024.jpeg 768w, https:\/\/www.lafresca.fm\/f-solosog\/2023\/10\/WhatsApp-Image-2023-10-07-at-14.54.58-1-1152x1536.jpeg 1152w, https:\/\/www.lafresca.fm\/f-solosog\/2023\/10\/WhatsApp-Image-2023-10-07-at-14.54.58-1.jpeg 1536w\" sizes=\"(max-width: 878px) 100vw, 878px\" \/><\/figure>\n\n\n\n<figure class=\"wp-block-image size-large\"><img decoding=\"async\" width=\"878\" height=\"1170\" data-id=\"10651\" src=\"https:\/\/www.lafresca.fm\/f-solosog\/2023\/10\/WhatsApp-Image-2023-10-07-at-14.54.58-2-878x1170.jpeg\" alt=\"\" class=\"wp-image-10651\" srcset=\"https:\/\/www.lafresca.fm\/f-solosog\/2023\/10\/WhatsApp-Image-2023-10-07-at-14.54.58-2-878x1170.jpeg 878w, https:\/\/www.lafresca.fm\/f-solosog\/2023\/10\/WhatsApp-Image-2023-10-07-at-14.54.58-2-578x770.jpeg 578w, https:\/\/www.lafresca.fm\/f-solosog\/2023\/10\/WhatsApp-Image-2023-10-07-at-14.54.58-2-768x1024.jpeg 768w, https:\/\/www.lafresca.fm\/f-solosog\/2023\/10\/WhatsApp-Image-2023-10-07-at-14.54.58-2-1152x1536.jpeg 1152w, https:\/\/www.lafresca.fm\/f-solosog\/2023\/10\/WhatsApp-Image-2023-10-07-at-14.54.58-2.jpeg 1536w\" sizes=\"(max-width: 878px) 100vw, 878px\" \/><\/figure>\n<\/figure>\n<script>function PlayerjsAsync(){} if(window[\"Playerjs\"]){PlayerjsAsync();}<\/script>","protected":false},"excerpt":{"rendered":"<p>El suceso lugar en C\/Cruces Bajas de Onil<\/p>\n","protected":false},"author":2,"featured_media":10649,"comment_status":"closed","ping_status":"closed","sticky":false,"template":"","format":"standard","meta":{"_monsterinsights_skip_tracking":false,"_monsterinsights_sitenote_active":false,"_monsterinsights_sitenote_note":"","_monsterinsights_sitenote_category":0,"footnotes":""},"categories":[4],"tags":[133],"class_list":["post-10648","post","type-post","status-publish","format-standard","has-post-thumbnail","hentry","category-alicante","tag-onil"],"aioseo_notices":[],"_links":{"self":[{"href":"https:\/\/www.lafresca.fm\/fresca-api-json\/wp\/v2\/posts\/10648","targetHints":{"allow":["GET"]}}],"collection":[{"href":"https:\/\/www.lafresca.fm\/fresca-api-json\/wp\/v2\/posts"}],"about":[{"href":"https:\/\/www.lafresca.fm\/fresca-api-json\/wp\/v2\/types\/post"}],"author":[{"embeddable":true,"href":"https:\/\/www.lafresca.fm\/fresca-api-json\/wp\/v2\/users\/2"}],"replies":[{"embeddable":true,"href":"https:\/\/www.lafresca.fm\/fresca-api-json\/wp\/v2\/comments?post=10648"}],"version-history":[{"count":1,"href":"https:\/\/www.lafresca.fm\/fresca-api-json\/wp\/v2\/posts\/10648\/revisions"}],"predecessor-version":[{"id":10652,"href":"https:\/\/www.lafresca.fm\/fresca-api-json\/wp\/v2\/posts\/10648\/revisions\/10652"}],"wp:featuredmedia":[{"embeddable":true,"href":"https:\/\/www.lafresca.fm\/fresca-api-json\/wp\/v2\/media\/10649"}],"wp:attachment":[{"href":"https:\/\/www.lafresca.fm\/fresca-api-json\/wp\/v2\/media?parent=10648"}],"wp:term":[{"taxonomy":"category","embeddable":true,"href":"https:\/\/www.lafresca.fm\/fresca-api-json\/wp\/v2\/categories?post=10648"},{"taxonomy":"post_tag","embeddable":true,"href":"https:\/\/www.lafresca.fm\/fresca-api-json\/wp\/v2\/tags?post=10648"}],"curies":[{"name":"wp","href":"https:\/\/api.w.org\/{rel}","templated":true}]}}