{"id":10729,"date":"2023-10-24T10:50:28","date_gmt":"2023-10-24T08:50:28","guid":{"rendered":"https:\/\/www.lafresca.fm\/?p=10729"},"modified":"2023-10-24T10:50:30","modified_gmt":"2023-10-24T08:50:30","slug":"castalla-recuerda-al-escritor-enric-valor-con-la-celebracion-de-la-6o-fira-de-la-fantasia-del-27-al-29-de-octubre","status":"publish","type":"post","link":"https:\/\/www.lafresca.fm\/castalla-recuerda-al-escritor-enric-valor-con-la-celebracion-de-la-6o-fira-de-la-fantasia-del-27-al-29-de-octubre\/","title":{"rendered":"Castalla recuerda al escritor Enric Valor con la celebraci\u00f3n de la 6\u00ba Fira de la Fantasia del 27 al 29 de octubre"},"content":{"rendered":"\n<p>El imaginario del escritor natural de Castalla vertebra un fin de semana festivo, lleno de actividades con conciertos, rutas literarias, talleres, juegos y mercados <\/p>\n\n\n\n<p>Castalla celebra la sexta edici\u00f3n de la Fira de la Fantasia, que profundiza en los v\u00ednculos entre el escritor Enric Valor y la ciudad que lo vio nacer. Durante el fin de semana del 27 al 29 de octubre, el imaginario de Valor vertebra la completa programaci\u00f3n de actividades, con conciertos, rutas literarias, talleres, juegos y mercados.<\/p>\n\n\n\n<p>La iniciativa, que ya se ha consolidado en la ciudad, es fruto de la colaboraci\u00f3n entre el Ayuntamiento de Castalla, la C\u00e1tedra Enric Valor y el Centre Cultural Castellut. Adem\u00e1s, cuenta con la colaboraci\u00f3n de la Coordinadora Alcoi\u00e0 i Comtat pel Valenci\u00e0, Escola Valenciana, el Museu Etnol\u00f2gic Valenci\u00e0 (L\u2019ETNO), la Biblioteca Municipal, la Agrupaci\u00f3n Fotogr\u00e1fica de Castalla (AFC) i el peri\u00f3dico Escaparate.<\/p>\n\n\n\n<figure class=\"wp-block-image size-large\"><img fetchpriority=\"high\" decoding=\"async\" width=\"1170\" height=\"659\" src=\"https:\/\/www.lafresca.fm\/f-solosog\/2023\/10\/20231024_101142-1-1170x659.jpg\" alt=\"\" class=\"wp-image-10731\" srcset=\"https:\/\/www.lafresca.fm\/f-solosog\/2023\/10\/20231024_101142-1-1170x659.jpg 1170w, https:\/\/www.lafresca.fm\/f-solosog\/2023\/10\/20231024_101142-1-770x434.jpg 770w, https:\/\/www.lafresca.fm\/f-solosog\/2023\/10\/20231024_101142-1-768x432.jpg 768w, https:\/\/www.lafresca.fm\/f-solosog\/2023\/10\/20231024_101142-1-1536x865.jpg 1536w, https:\/\/www.lafresca.fm\/f-solosog\/2023\/10\/20231024_101142-1-2048x1153.jpg 2048w\" sizes=\"(max-width: 1170px) 100vw, 1170px\" \/><\/figure>\n\n\n\n<p>El alcalde de la localidad, Jes\u00fas L\u00f3pez, ha invitado a \u201cvisitar la Fira de la Fantasia de Castalla, una oportunidad \u00fanica para descubrir el mundo literario de Enric Valor y la relaci\u00f3n con la ciudad que lo vio nacer, con gran cantidad de actividades para toda la familia\u201d. Por su lado, el director de la C\u00e1tedra Enric Valor, Joan Borja, ha destacado \u201cla colaboraci\u00f3n entre las instituciones implicadas para dar a conocer cada a\u00f1o el legado de Enric Valor, uno de los escritores valencianos m\u00e1s importantes, con un imaginario que sigue bien vivo y que ponemos en valor durante todo el fin de semana\u201d.<\/p>\n\n\n\n<p>En cuanto a la programaci\u00f3n, las propuestas comienzan el viernes 27 de octubre, con la entrega de premios del II Concurso Fotogr\u00e1fico de Espais Valorians, a partir de las 19:00 horas en la Casa de Cultura. Acto seguido, tendr\u00e1 lugar la mesa redonda sobre los 40 a\u00f1os de la obra Temps de batuda, con la participaci\u00f3n de Vicent Brotons, Enric Iborra, Assumpta Mira i Rosa Mira. Por la noche, final de jornada con la celebraci\u00f3n de la \u2018Festa Valor\u2019 y una \u2018Noche de miedo por el castillo\u2019, a las 22:30 horas, a cargo de Blai Senabre y Jordi Ra\u00fcl Verd\u00fa.<\/p>\n\n\n\n<p>La ma\u00f1ana del s\u00e1bado 28 de octubre arranca a las 9:30 horas con la ruta literaria por el barranco de la Fusta y Planisses, basada en la novela Temps de batuda. M\u00e1s tarde, a partir de las 10:30 horas, la Casa de Cultura acoge los juegos tradicionales, los talleres infantiles y magia, con la actuaci\u00f3n del mago Joan Vidal. El s\u00e1bado por la noche contiene el plato fuerte de la programaci\u00f3n, con la actuaci\u00f3n en la plaza Mayor de Pep Gimeno Botifarra, que interpretar\u00e1 su disco Ja ve l\u2019aire.<\/p>\n\n\n\n<p>Finalmente, el domingo 29 de octubre se vivir\u00e1 el tercer d\u00eda de feria. A las 12:00 horas, la plaza mayor ser\u00e1 el escenario de la \u2018Feria del libro fant\u00e1stico\u2019 y el \u2018Mercado de la Fantas\u00eda\u2019, con la actuaci\u00f3n de la colla El Sogall. Y los m\u00e1s peque\u00f1os vibraran, adem\u00e1s, con la actuaci\u00f3n de Dani Miquel y el espect\u00e1culo Volem fantasies.<\/p>\n\n\n\n<p>Con esta programaci\u00f3n, el concejal de Cultura, Jos\u00e9 Rico, ha aprovechado para \u201canimar a todo el mundo a visitar la Fira de la Fantasia de Castalla, ya que hemos preparado<\/p>\n\n\n\n<p>actividades para todos los p\u00fablicos, grandes y peque\u00f1os\u201d. As\u00ed, el edil responsable de la muestra ha destacado \u201clas actuaciones de Pep Gimeno Botifarra y Dani Miquel, que ya es un habitual de nuestra feria, y que har\u00e1n cantar a todos los asistentes\u201d.<\/p>\n\n\n\n<figure class=\"wp-block-image size-large\"><img decoding=\"async\" width=\"695\" height=\"1170\" src=\"https:\/\/www.lafresca.fm\/f-solosog\/2023\/10\/0441c1e7-a84f-44c0-a615-f5d94e5b32fa-695x1170.jpg\" alt=\"\" class=\"wp-image-10732\" srcset=\"https:\/\/www.lafresca.fm\/f-solosog\/2023\/10\/0441c1e7-a84f-44c0-a615-f5d94e5b32fa-695x1170.jpg 695w, https:\/\/www.lafresca.fm\/f-solosog\/2023\/10\/0441c1e7-a84f-44c0-a615-f5d94e5b32fa-457x770.jpg 457w, https:\/\/www.lafresca.fm\/f-solosog\/2023\/10\/0441c1e7-a84f-44c0-a615-f5d94e5b32fa-768x1293.jpg 768w, https:\/\/www.lafresca.fm\/f-solosog\/2023\/10\/0441c1e7-a84f-44c0-a615-f5d94e5b32fa-912x1536.jpg 912w, https:\/\/www.lafresca.fm\/f-solosog\/2023\/10\/0441c1e7-a84f-44c0-a615-f5d94e5b32fa.jpg 1216w\" sizes=\"(max-width: 695px) 100vw, 695px\" \/><\/figure>\n<script>function PlayerjsAsync(){} if(window[\"Playerjs\"]){PlayerjsAsync();}<\/script>","protected":false},"excerpt":{"rendered":"<p>El imaginario del escritor natural de Castalla vertebra un fin de semana festivo, lleno de actividades con conciertos, rutas literarias, talleres, juegos y mercados Castalla celebra la sexta edici\u00f3n de la Fira de la Fantasia, que profundiza en los v\u00ednculos entre el escritor Enric Valor y la ciudad que lo ...<\/p>\n","protected":false},"author":2,"featured_media":10730,"comment_status":"closed","ping_status":"closed","sticky":false,"template":"","format":"standard","meta":{"_monsterinsights_skip_tracking":false,"_monsterinsights_sitenote_active":false,"_monsterinsights_sitenote_note":"","_monsterinsights_sitenote_category":0,"footnotes":""},"categories":[4],"tags":[144],"class_list":["post-10729","post","type-post","status-publish","format-standard","has-post-thumbnail","hentry","category-alicante","tag-castalla"],"aioseo_notices":[],"_links":{"self":[{"href":"https:\/\/www.lafresca.fm\/fresca-api-json\/wp\/v2\/posts\/10729","targetHints":{"allow":["GET"]}}],"collection":[{"href":"https:\/\/www.lafresca.fm\/fresca-api-json\/wp\/v2\/posts"}],"about":[{"href":"https:\/\/www.lafresca.fm\/fresca-api-json\/wp\/v2\/types\/post"}],"author":[{"embeddable":true,"href":"https:\/\/www.lafresca.fm\/fresca-api-json\/wp\/v2\/users\/2"}],"replies":[{"embeddable":true,"href":"https:\/\/www.lafresca.fm\/fresca-api-json\/wp\/v2\/comments?post=10729"}],"version-history":[{"count":1,"href":"https:\/\/www.lafresca.fm\/fresca-api-json\/wp\/v2\/posts\/10729\/revisions"}],"predecessor-version":[{"id":10733,"href":"https:\/\/www.lafresca.fm\/fresca-api-json\/wp\/v2\/posts\/10729\/revisions\/10733"}],"wp:featuredmedia":[{"embeddable":true,"href":"https:\/\/www.lafresca.fm\/fresca-api-json\/wp\/v2\/media\/10730"}],"wp:attachment":[{"href":"https:\/\/www.lafresca.fm\/fresca-api-json\/wp\/v2\/media?parent=10729"}],"wp:term":[{"taxonomy":"category","embeddable":true,"href":"https:\/\/www.lafresca.fm\/fresca-api-json\/wp\/v2\/categories?post=10729"},{"taxonomy":"post_tag","embeddable":true,"href":"https:\/\/www.lafresca.fm\/fresca-api-json\/wp\/v2\/tags?post=10729"}],"curies":[{"name":"wp","href":"https:\/\/api.w.org\/{rel}","templated":true}]}}