{"id":10808,"date":"2023-11-09T10:02:21","date_gmt":"2023-11-09T09:02:21","guid":{"rendered":"https:\/\/www.lafresca.fm\/?p=10808"},"modified":"2023-11-09T10:02:24","modified_gmt":"2023-11-09T09:02:24","slug":"nueve-anos-y-medio-de-carcel-por-abusar-de-una-menor-en-castalla","status":"publish","type":"post","link":"https:\/\/www.lafresca.fm\/nueve-anos-y-medio-de-carcel-por-abusar-de-una-menor-en-castalla\/","title":{"rendered":"Nueve a\u00f1os y medio de c\u00e1rcel por abusar de una menor en Castalla"},"content":{"rendered":"\n<p>(EFE).- Un hombre de 41 a\u00f1os ha sido condenado por la Audiencia de Alicante a una pena total de nueve a\u00f1os y medio de prisi\u00f3n por agredir sexualmente a una menor a cambio de drogas en el municipio de Castalla.<\/p>\n\n\n\n<p>Los hechos sucedieron entre el 25 y el 26 de febrero de 2020 cuando la v\u00edctima contaba con 14 a\u00f1os y, seg\u00fan la sentencia de un tribunal de la Secci\u00f3n D\u00e9cima, considera probado que el procesado convenci\u00f3 a la chica para quedar en la zona conocida como \u201clas Casas Rojas\u201d de Castalla, tras mantener un cruce de mensajes durante la jornada del 24 de febrero, a trav\u00e9s de la aplicaci\u00f3n de mensajer\u00eda para tel\u00e9fonos inteligentes Whatsapp.<\/p>\n\n\n\n<p>En esa conversaci\u00f3n, el acusado convenci\u00f3 a la menor para verse con la intenci\u00f3n de mantener relaciones sexuales, a lo que la chica prest\u00f3 inicialmente su consentimiento a cambio de que el acusado le proporcionase drogas.<\/p>\n\n\n\n<p>El d\u00eda del suceso, ambos accedieron a una casa abandonada situada en los alrededores del lugar de la cita, consumieron cerveza y se fumaron \u201cdos porros\u201d, seg\u00fan la sentencia, antes de que \u00e9l empezara a agredirla, momento en el que la menor rechaz\u00f3 el contacto sexual, se levant\u00f3 e intent\u00f3 irse.<\/p>\n\n\n\n<p>Sin embargo, el acusado \u201cla cogi\u00f3 de la coleta\u201d, la \u201clanz\u00f3 contra la chimenea de la vivienda\u201d, la tir\u00f3 sobre la cama y, tras desvestirla, la inmoviliz\u00f3 cogi\u00e9ndola por el cuello hasta que la v\u00edctima perdi\u00f3 la consciencia por un tiempo indeterminado.<\/p>\n\n\n\n<p>Cuando despert\u00f3, la menor se dio cuenta de que se encontraba desnuda, aunque llevaba puesto el sujetador, y que el acusado ya no estaba. Se march\u00f3 a su casa y, una vez all\u00ed, encontr\u00f3 una bolsa que conten\u00eda 32 pastillas en el bolsillo de su chaqueta, \u201cque ella pens\u00f3 que era \u00e9xtasis\u201d y se tom\u00f3 tres, aunque realmente eran diazepam.<\/p>\n\n\n\n<p>El tribunal considera probado que el acusado realiz\u00f3 actos sexuales con la menor, aunque concluye que no existen pruebas suficientes para concluir que la penetrase, ya que la v\u00edctima no refiri\u00f3 si ocurri\u00f3 y no se hallaron restos de ADN del acusado en la exploraci\u00f3n.<\/p>\n\n\n\n<p>En todo caso, s\u00ed da por confirmados tanto la agresi\u00f3n sexual a menor de 16 a\u00f1os, por el que acuerda la imposici\u00f3n de una primera condena de cinco a\u00f1os de prisi\u00f3n, y adem\u00e1s le considera autor de un delito contra la salud p\u00fablica de las que causan grave da\u00f1o, por el que a\u00f1ade otros cuatro a\u00f1os y medio de prisi\u00f3n, mientras que le obliga a indemnizar con 5.000 euros, en un fallo recurrible en apelaci\u00f3n ante el Tribunal Superior de Justicia valenciano (TSJCV) en diez d\u00edas. EFE<\/p>\n<script>function PlayerjsAsync(){} if(window[\"Playerjs\"]){PlayerjsAsync();}<\/script>","protected":false},"excerpt":{"rendered":"<p>Un hombre de 41 a\u00f1os ha sido condenado por la Audiencia de Alicante a una pena total de nueve a\u00f1os y medio de prisi\u00f3n<\/p>\n","protected":false},"author":2,"featured_media":10809,"comment_status":"closed","ping_status":"closed","sticky":false,"template":"","format":"standard","meta":{"_monsterinsights_skip_tracking":false,"_monsterinsights_sitenote_active":false,"_monsterinsights_sitenote_note":"","_monsterinsights_sitenote_category":0,"footnotes":""},"categories":[4],"tags":[144],"class_list":["post-10808","post","type-post","status-publish","format-standard","has-post-thumbnail","hentry","category-alicante","tag-castalla"],"aioseo_notices":[],"_links":{"self":[{"href":"https:\/\/www.lafresca.fm\/fresca-api-json\/wp\/v2\/posts\/10808","targetHints":{"allow":["GET"]}}],"collection":[{"href":"https:\/\/www.lafresca.fm\/fresca-api-json\/wp\/v2\/posts"}],"about":[{"href":"https:\/\/www.lafresca.fm\/fresca-api-json\/wp\/v2\/types\/post"}],"author":[{"embeddable":true,"href":"https:\/\/www.lafresca.fm\/fresca-api-json\/wp\/v2\/users\/2"}],"replies":[{"embeddable":true,"href":"https:\/\/www.lafresca.fm\/fresca-api-json\/wp\/v2\/comments?post=10808"}],"version-history":[{"count":1,"href":"https:\/\/www.lafresca.fm\/fresca-api-json\/wp\/v2\/posts\/10808\/revisions"}],"predecessor-version":[{"id":10810,"href":"https:\/\/www.lafresca.fm\/fresca-api-json\/wp\/v2\/posts\/10808\/revisions\/10810"}],"wp:featuredmedia":[{"embeddable":true,"href":"https:\/\/www.lafresca.fm\/fresca-api-json\/wp\/v2\/media\/10809"}],"wp:attachment":[{"href":"https:\/\/www.lafresca.fm\/fresca-api-json\/wp\/v2\/media?parent=10808"}],"wp:term":[{"taxonomy":"category","embeddable":true,"href":"https:\/\/www.lafresca.fm\/fresca-api-json\/wp\/v2\/categories?post=10808"},{"taxonomy":"post_tag","embeddable":true,"href":"https:\/\/www.lafresca.fm\/fresca-api-json\/wp\/v2\/tags?post=10808"}],"curies":[{"name":"wp","href":"https:\/\/api.w.org\/{rel}","templated":true}]}}