{"id":10814,"date":"2023-11-10T08:38:16","date_gmt":"2023-11-10T07:38:16","guid":{"rendered":"https:\/\/www.lafresca.fm\/?p=10814"},"modified":"2023-11-10T08:38:19","modified_gmt":"2023-11-10T07:38:19","slug":"la-banda-ibense-malditeria-premiada-en-el-certamen-top-creation-de-la-diputacion-de-alicante","status":"publish","type":"post","link":"https:\/\/www.lafresca.fm\/la-banda-ibense-malditeria-premiada-en-el-certamen-top-creation-de-la-diputacion-de-alicante\/","title":{"rendered":"La banda ibense Malditeria premiada en el certamen &#8220;Top Creation&#8221; de la Diputaci\u00f3n de Alicante"},"content":{"rendered":"\n<p>La banda Ibense <a href=\"https:\/\/www.facebook.com\/malditeriarock?__cft__[0]=AZXXXi9_DFDyYrB2OnFDccgvB1-hih-eoW-j9qmNhyCcutXYAa8MgN_7Q_4rFXdO91h6DCPkuZKyyTW4iMy1e-ZACJvTdx3JLL12PpIKsuF3JfMOcCKCBF1qvFN39Kd5K4XgNgUOa0bW5HV-rZ71Ks5KtO90Ja5z1yjxKnySZgLibck6AXnaMk3ZdUeUs2X-y8A&amp;__tn__=-]K-R\">Malditeria<\/a> ha sido premiada por su talento por parte de la <a href=\"https:\/\/www.facebook.com\/diputacionalicante?__cft__[0]=AZXXXi9_DFDyYrB2OnFDccgvB1-hih-eoW-j9qmNhyCcutXYAa8MgN_7Q_4rFXdO91h6DCPkuZKyyTW4iMy1e-ZACJvTdx3JLL12PpIKsuF3JfMOcCKCBF1qvFN39Kd5K4XgNgUOa0bW5HV-rZ71Ks5KtO90Ja5z1yjxKnySZgLibck6AXnaMk3ZdUeUs2X-y8A&amp;__tn__=-]K-R\">Diputaci\u00f3n de Alicante<\/a> \u00a1Enhorabuena!<\/p>\n\n\n\n<p>La Diputaci\u00f3n de Alicante premia el talento de j\u00f3venes de l\u2019Alcoi\u00e0 y el Comtat en la convocatoria de 2023 del certamen <a href=\"https:\/\/www.facebook.com\/hashtag\/topcreation?__eep__=6&amp;__cft__[0]=AZXXXi9_DFDyYrB2OnFDccgvB1-hih-eoW-j9qmNhyCcutXYAa8MgN_7Q_4rFXdO91h6DCPkuZKyyTW4iMy1e-ZACJvTdx3JLL12PpIKsuF3JfMOcCKCBF1qvFN39Kd5K4XgNgUOa0bW5HV-rZ71Ks5KtO90Ja5z1yjxKnySZgLibck6AXnaMk3ZdUeUs2X-y8A&amp;__tn__=*NK-R\">#TopCreation<\/a>. La entidad provincial otorg\u00f3 el segundo premio de trabajo musical en la secci\u00f3n de Grupo, dotado con 1.800 euros al tema Contratos de viernes noche de la banda de rock Malditeria de Ibi, y que est\u00e1 integrada por Ra\u00fal, Nando y Arturo.<\/p>\n\n\n\n<figure class=\"wp-block-image size-full\"><img fetchpriority=\"high\" decoding=\"async\" width=\"1080\" height=\"810\" src=\"https:\/\/www.lafresca.fm\/f-solosog\/2023\/11\/399982160_638381571841120_5227131981476430208_n.jpg\" alt=\"\" class=\"wp-image-10815\" srcset=\"https:\/\/www.lafresca.fm\/f-solosog\/2023\/11\/399982160_638381571841120_5227131981476430208_n.jpg 1080w, https:\/\/www.lafresca.fm\/f-solosog\/2023\/11\/399982160_638381571841120_5227131981476430208_n-770x578.jpg 770w, https:\/\/www.lafresca.fm\/f-solosog\/2023\/11\/399982160_638381571841120_5227131981476430208_n-768x576.jpg 768w\" sizes=\"(max-width: 1080px) 100vw, 1080px\" \/><\/figure>\n<script>function PlayerjsAsync(){} if(window[\"Playerjs\"]){PlayerjsAsync();}<\/script>","protected":false},"excerpt":{"rendered":"<p>El premio est\u00e1 dotado con 1.800 euros al tema Contratos de viernes noche<\/p>\n","protected":false},"author":2,"featured_media":10815,"comment_status":"closed","ping_status":"closed","sticky":false,"template":"","format":"standard","meta":{"_monsterinsights_skip_tracking":false,"_monsterinsights_sitenote_active":false,"_monsterinsights_sitenote_note":"","_monsterinsights_sitenote_category":0,"footnotes":""},"categories":[4],"tags":[638,639],"class_list":["post-10814","post","type-post","status-publish","format-standard","has-post-thumbnail","hentry","category-alicante","tag-malditeria","tag-topcreation"],"aioseo_notices":[],"_links":{"self":[{"href":"https:\/\/www.lafresca.fm\/fresca-api-json\/wp\/v2\/posts\/10814","targetHints":{"allow":["GET"]}}],"collection":[{"href":"https:\/\/www.lafresca.fm\/fresca-api-json\/wp\/v2\/posts"}],"about":[{"href":"https:\/\/www.lafresca.fm\/fresca-api-json\/wp\/v2\/types\/post"}],"author":[{"embeddable":true,"href":"https:\/\/www.lafresca.fm\/fresca-api-json\/wp\/v2\/users\/2"}],"replies":[{"embeddable":true,"href":"https:\/\/www.lafresca.fm\/fresca-api-json\/wp\/v2\/comments?post=10814"}],"version-history":[{"count":1,"href":"https:\/\/www.lafresca.fm\/fresca-api-json\/wp\/v2\/posts\/10814\/revisions"}],"predecessor-version":[{"id":10816,"href":"https:\/\/www.lafresca.fm\/fresca-api-json\/wp\/v2\/posts\/10814\/revisions\/10816"}],"wp:featuredmedia":[{"embeddable":true,"href":"https:\/\/www.lafresca.fm\/fresca-api-json\/wp\/v2\/media\/10815"}],"wp:attachment":[{"href":"https:\/\/www.lafresca.fm\/fresca-api-json\/wp\/v2\/media?parent=10814"}],"wp:term":[{"taxonomy":"category","embeddable":true,"href":"https:\/\/www.lafresca.fm\/fresca-api-json\/wp\/v2\/categories?post=10814"},{"taxonomy":"post_tag","embeddable":true,"href":"https:\/\/www.lafresca.fm\/fresca-api-json\/wp\/v2\/tags?post=10814"}],"curies":[{"name":"wp","href":"https:\/\/api.w.org\/{rel}","templated":true}]}}