{"id":10825,"date":"2023-11-10T17:06:27","date_gmt":"2023-11-10T16:06:27","guid":{"rendered":"https:\/\/www.lafresca.fm\/?p=10825"},"modified":"2023-11-10T17:09:36","modified_gmt":"2023-11-10T16:09:36","slug":"los-sindicatos-del-sector-juguetero-convocan-una-reunion-para-el-sabado-18-de-noviembre-tras-no-llegar-a-acuerdos-con-la-patronal","status":"publish","type":"post","link":"https:\/\/www.lafresca.fm\/los-sindicatos-del-sector-juguetero-convocan-una-reunion-para-el-sabado-18-de-noviembre-tras-no-llegar-a-acuerdos-con-la-patronal\/","title":{"rendered":"Los sindicatos del sector juguetero convocan una reuni\u00f3n para el s\u00e1bado 18 de noviembre tras no llegar a acuerdos con la Patronal"},"content":{"rendered":"\n<p>Los Sindicatos UGT y CCOO han convocado a todos los trabajadores y trabajadoras del sector del <strong>convenio colectivo para la actividad de industrias de mu\u00f1ecas, juguetes, accesorios y afines de la provincia de Alicante<\/strong>, a la Asamblea general del pr\u00f3ximo s\u00e1bado 18 de noviembre a las 11:00 horas en el sal\u00f3n de actos de la casa de cultura de Onil. El asunto a tratar es sobre el convenio colectivo que se encuentra actualmente en negociaci\u00f3n. Est\u00e1n convocados todos los trabajadores y trabajadoras que est\u00e9n afectados por este convenio.<\/p>\n\n\n\n<p>A continuaci\u00f3n detallamos la informaci\u00f3n difundida por los sindicatos UGT y CCOO: En la \u00faltima reuni\u00f3n celebrada el pasado 3 de octubre, y tras varios meses de negociaci\u00f3n, han constatado que la patronal del sector no tiene mucho interes en acercar posturas. El documento presentado por la patronal refleja claramente el desprop\u00f3sito y la falta de respeto a las personas trabajadoras del sector, con propuestas como:<\/p>\n\n\n\n<p><strong>Jornada anual:<\/strong><\/p>\n\n\n\n<ul class=\"wp-block-list\">\n<li>1.778 horas en c\u00f3mputo anual en 2023, que es lo que hay en estos momentos en el convenio. <\/li>\n<\/ul>\n\n\n\n<ul class=\"wp-block-list\">\n<li>1.777 horas en c\u00f3mputo anual en 2024<br><\/li>\n\n\n\n<li>1.776 horas en c\u00f3mputo anual a partir de 2025<\/li>\n<\/ul>\n\n\n\n<ul class=\"wp-block-list\">\n<li>Distribuci\u00f3n irregular de la jornada, disponer de hasta 355 horas\/a\u00f1o del calendario anual, las diferencias derivadas de la distribuci\u00f3n irregular de la jornada deber\u00e1n quedar compensadas en el plazo de doce meses desde que se produzcan.<\/li>\n<\/ul>\n\n\n\n<ul class=\"wp-block-list\">\n<li>Incremento de un 0,5% anual solo para el salario base sin aplicar esta subidaalos distintos pluses, no quieren cl\u00e1usula de revisi\u00f3n salarial del IPC.<\/li>\n<\/ul>\n\n\n\n<ul class=\"wp-block-list\">\n<li>Eliminar la antig\u00fcedad, se mantendr\u00e1 para aquellas personas que hasta lafechala est\u00e9n cobrando, pero no para las nuevas contrataciones.<\/li>\n<\/ul>\n\n\n\n<ul class=\"wp-block-list\">\n<li>Plus de nocturnidad, subida salarial de 0.08 c\u00e9ntimos hora trabajada durante toda la vigencia. <\/li>\n<\/ul>\n\n\n\n<p>Desde la parte social se traslad\u00f3 a la patronal que con estas propuestas no vamos a negociar, ya que nos parecen un insulto para las personas trabajadoras del sector. Ante nuestro posicionamiento, la patronal traslad\u00f3 que retiraba su propuesta, indicando que tienen que estudiar la situaci\u00f3n y que ya nos pasar\u00e1n documento con texto alternativo de propuestas.<\/p>\n\n\n\n<p>En cuanto a la propuesta sindical para el nuevo convenio:<br><em>Vigencia 3 a\u00f1os<\/em><\/p>\n\n\n\n<p><strong>Tablas y revisi\u00f3n salarial<\/strong><\/p>\n\n\n\n<p>2023, 2 % + IPC con clausula revisi\u00f3n salarial retroactiva desde el 1 de enero <\/p>\n\n\n\n<p>2024, 2 % + IPC con clausula revisi\u00f3n salarial retroactiva desde el 1 de enero <\/p>\n\n\n\n<p>2025, 2 % + IPC con clausula revisi\u00f3n salarial retroactiva desde el 1 de enero<\/p>\n\n\n\n<p>Nuevo PLUS TURNICIDAD, en el que se abonar\u00e1 a las personas trabajadoras<br>afectadas cantidad m\u00ednima de:<\/p>\n\n\n\n<p>1,34 % sobre el salario por d\u00eda efectivo trabajado para el a\u00f1o 2023.<br>1,37 % sobre el salario por d\u00eda efectivo trabajado para el a\u00f1o 2024.<br>1,40 % sobre el salario por d\u00eda efectivo trabajado para el a\u00f1o 2025<\/p>\n\n\n\n<p><strong>Plus Nocturnidad <\/strong><\/p>\n\n\n\n<p>2023, 1,5 euros X hora trabajada<br>2024, 2 euros X hora trabajada<br>2025, 2,5 euros X hora trabajada<\/p>\n\n\n\n<p><strong>Jornada anual, reducci\u00f3n de 4 horas cada a\u00f1o de vigencia del convenio<\/strong><\/p>\n\n\n\n<p>2023, 1774 c\u00f3mputo anual<br>2024, 1770 c\u00f3mputo anual<br>2025, 1766 c\u00f3mputo anual<\/p>\n\n\n\n<p><strong>Licencias retribuidas, a\u00f1adir:<\/strong><\/p>\n\n\n\n<ul class=\"wp-block-list\">\n<li>1 d\u00eda por fallecimiento de parientes de tercer grado de consanguinidad y afinidad.<\/li>\n\n\n\n<li>16 horas permiso retribuido de acompa\u00f1amiento a menores hijos menores de<br>18 a\u00f1os y para familiares de primer grado de consanguinidad y afinidad que no<br>puedan valerse por s\u00ed mismos.<br><\/li>\n\n\n\n<li>Las licencias previstas en este art\u00edculo ser\u00e1n extensivas a las parejas de hecho<br>debidamente inscritas en el registro correspondiente o con certificado de<br>empadronamiento colectivo.<\/li>\n<\/ul>\n\n\n\n<p>Adaptaci\u00f3n de permisos a la nueva normativa.<br>A\u00f1adir nuevo articulado en el que recoja bases m\u00ednimas de incentivos.<br>A\u00f1adir nuevo articulado de PLUS CARENCIA INCENTIVOS<br>Adaptar texto convenio a nueva legislaci\u00f3n<br>Adaptar los puestos de trabajo por prevenci\u00f3n y salud laboral<\/p>\n\n\n\n<p>Desde CCOO Industria y UGT-Fica nos oponemos en rotundo a que en este convenio pretendan eliminar derechos que ten\u00edamos consolidados desde hace tiempo, al igual que solicitamos un incremento salarial conforme ha subido el nivel de vida, con una subida de salario que permita la estabilidad econ\u00f3mica para las personas que trabajan en el sector.<\/p>\n\n\n\n<p><\/p>\n<script>function PlayerjsAsync(){} if(window[\"Playerjs\"]){PlayerjsAsync();}<\/script>","protected":false},"excerpt":{"rendered":"<p>La Asamblea general es el s\u00e1bado 18 de noviembre a las 11:00 horas en el sal\u00f3n de actos de la casa de cultura de Onil<\/p>\n","protected":false},"author":2,"featured_media":10826,"comment_status":"closed","ping_status":"closed","sticky":false,"template":"","format":"standard","meta":{"_monsterinsights_skip_tracking":false,"_monsterinsights_sitenote_active":false,"_monsterinsights_sitenote_note":"","_monsterinsights_sitenote_category":0,"footnotes":""},"categories":[4],"tags":[641,642,640],"class_list":["post-10825","post","type-post","status-publish","format-standard","has-post-thumbnail","hentry","category-alicante","tag-juguetes","tag-munecas","tag-sindicatos"],"aioseo_notices":[],"_links":{"self":[{"href":"https:\/\/www.lafresca.fm\/fresca-api-json\/wp\/v2\/posts\/10825","targetHints":{"allow":["GET"]}}],"collection":[{"href":"https:\/\/www.lafresca.fm\/fresca-api-json\/wp\/v2\/posts"}],"about":[{"href":"https:\/\/www.lafresca.fm\/fresca-api-json\/wp\/v2\/types\/post"}],"author":[{"embeddable":true,"href":"https:\/\/www.lafresca.fm\/fresca-api-json\/wp\/v2\/users\/2"}],"replies":[{"embeddable":true,"href":"https:\/\/www.lafresca.fm\/fresca-api-json\/wp\/v2\/comments?post=10825"}],"version-history":[{"count":2,"href":"https:\/\/www.lafresca.fm\/fresca-api-json\/wp\/v2\/posts\/10825\/revisions"}],"predecessor-version":[{"id":10828,"href":"https:\/\/www.lafresca.fm\/fresca-api-json\/wp\/v2\/posts\/10825\/revisions\/10828"}],"wp:featuredmedia":[{"embeddable":true,"href":"https:\/\/www.lafresca.fm\/fresca-api-json\/wp\/v2\/media\/10826"}],"wp:attachment":[{"href":"https:\/\/www.lafresca.fm\/fresca-api-json\/wp\/v2\/media?parent=10825"}],"wp:term":[{"taxonomy":"category","embeddable":true,"href":"https:\/\/www.lafresca.fm\/fresca-api-json\/wp\/v2\/categories?post=10825"},{"taxonomy":"post_tag","embeddable":true,"href":"https:\/\/www.lafresca.fm\/fresca-api-json\/wp\/v2\/tags?post=10825"}],"curies":[{"name":"wp","href":"https:\/\/api.w.org\/{rel}","templated":true}]}}