{"id":10852,"date":"2023-11-15T15:48:57","date_gmt":"2023-11-15T14:48:57","guid":{"rendered":"https:\/\/www.lafresca.fm\/?p=10852"},"modified":"2023-11-15T15:48:59","modified_gmt":"2023-11-15T14:48:59","slug":"se-reactiva-el-servicio-de-limpieza-de-edificios-publicos-en-ibi","status":"publish","type":"post","link":"https:\/\/www.lafresca.fm\/se-reactiva-el-servicio-de-limpieza-de-edificios-publicos-en-ibi\/","title":{"rendered":"Se reactiva el servicio de limpieza de edificios p\u00fablicos en Ibi"},"content":{"rendered":"\n<p>Tambi\u00e9n las extraescolares retomar\u00e1n su actividad normal<\/p>\n\n\n\n<p>La empresa Vareser reanudar\u00e1 ma\u00f1ana el servicio de limpieza de edificios p\u00fablicos municipales, interrumpido el d\u00eda de ayer, de manera unilateral, por parte de la empresa. Por ese motivo, durante el d\u00eda de hoy, el Ayuntamiento de Ibi, desde la concejal\u00eda de Servicios P\u00fablicos, ha alertado a la empresa de la posibilidad de incurrir en responsabilidades econ\u00f3micas y administrativas como consecuencia de este cese unilateral de la actividad de un servicio considerado esencial. La vuelta al trabajo de la empresa permitir\u00e1 la apertura de los centros escolares de la ciudad y la normalizaci\u00f3n de las actividades extraescolares.<\/p>\n\n\n\n<p>La concejal\u00eda de Hacienda ya tiene todo el expediente preparado para el abono del pago pendiente que, adem\u00e1s, se va a realizar de manera inminente y que, desde el consistorio, ya se hab\u00eda puesto en conocimiento de la empresa.<\/p>\n\n\n\n<p>El concejal de Servicios P\u00fablicos, Elio Verd\u00fa, comunica que \u201cla empresa no ha seguido el procedimiento estipulado por ley para la extinci\u00f3n del contrato, ejecutando una decisi\u00f3n sin di\u00e1logo ni acuerdo ninguno, en un intento de presionar, cuando sabe que los pagos pendientes est\u00e1n preparados\u201d. Verd\u00fa ha exigido a la empresa concesionaria del servicio de limpieza de edificios municipales, Vareser, la reanudaci\u00f3n inmediata de su actividad, dada la naturaleza de los servicios, que son esenciales y afectan a la salud p\u00fablica.<\/p>\n\n\n\n<p>Para el edil de Hacienda, David Rojas, la decisi\u00f3n de la empresa \u201cha sido injustificable\u201d y a\u00f1ade que \u201cera conocedora de que el abono de las facturas que se le deben est\u00e1 en proceso de pago, \u00fanicamente a falta de la firma del Interventor, por lo que se trataba de algo inminente. Entendemos que su decisi\u00f3n responde a motivos estrictamente empresariales\u201d.<\/p>\n\n\n\n<p>Actividades extraescolares<\/p>\n\n\n\n<p>Por otra parte, el Ayuntamiento est\u00e1 tomando medidas para asegurar la viabilidad de las actividades extraescolares y su continuidad, afectadas por la falta de personal de limpieza y servicio de apertura y cierre de las instalaciones. El alcalde de Ibi, Sergio Carrasco, se ha reunido esta ma\u00f1ana con un grupo de padres y madres, preocupados por la situaci\u00f3n, para explicar los motivos y las soluciones que se est\u00e1n analizando para el desarrollo normal de la actividad extraescolar.<\/p>\n<script>function PlayerjsAsync(){} if(window[\"Playerjs\"]){PlayerjsAsync();}<\/script>","protected":false},"excerpt":{"rendered":"<p>Tambi\u00e9n las extraescolares retomar\u00e1n su actividad normal La empresa Vareser reanudar\u00e1 ma\u00f1ana el servicio de limpieza de edificios p\u00fablicos municipales, interrumpido el d\u00eda de ayer, de manera unilateral, por parte de la empresa. Por ese motivo, durante el d\u00eda de hoy, el Ayuntamiento de Ibi, desde la concejal\u00eda de Servicios ...<\/p>\n","protected":false},"author":2,"featured_media":10853,"comment_status":"closed","ping_status":"closed","sticky":false,"template":"","format":"standard","meta":{"_monsterinsights_skip_tracking":false,"_monsterinsights_sitenote_active":false,"_monsterinsights_sitenote_note":"","_monsterinsights_sitenote_category":0,"footnotes":""},"categories":[4],"tags":[128],"class_list":["post-10852","post","type-post","status-publish","format-standard","has-post-thumbnail","hentry","category-alicante","tag-ibi"],"aioseo_notices":[],"_links":{"self":[{"href":"https:\/\/www.lafresca.fm\/fresca-api-json\/wp\/v2\/posts\/10852","targetHints":{"allow":["GET"]}}],"collection":[{"href":"https:\/\/www.lafresca.fm\/fresca-api-json\/wp\/v2\/posts"}],"about":[{"href":"https:\/\/www.lafresca.fm\/fresca-api-json\/wp\/v2\/types\/post"}],"author":[{"embeddable":true,"href":"https:\/\/www.lafresca.fm\/fresca-api-json\/wp\/v2\/users\/2"}],"replies":[{"embeddable":true,"href":"https:\/\/www.lafresca.fm\/fresca-api-json\/wp\/v2\/comments?post=10852"}],"version-history":[{"count":1,"href":"https:\/\/www.lafresca.fm\/fresca-api-json\/wp\/v2\/posts\/10852\/revisions"}],"predecessor-version":[{"id":10854,"href":"https:\/\/www.lafresca.fm\/fresca-api-json\/wp\/v2\/posts\/10852\/revisions\/10854"}],"wp:featuredmedia":[{"embeddable":true,"href":"https:\/\/www.lafresca.fm\/fresca-api-json\/wp\/v2\/media\/10853"}],"wp:attachment":[{"href":"https:\/\/www.lafresca.fm\/fresca-api-json\/wp\/v2\/media?parent=10852"}],"wp:term":[{"taxonomy":"category","embeddable":true,"href":"https:\/\/www.lafresca.fm\/fresca-api-json\/wp\/v2\/categories?post=10852"},{"taxonomy":"post_tag","embeddable":true,"href":"https:\/\/www.lafresca.fm\/fresca-api-json\/wp\/v2\/tags?post=10852"}],"curies":[{"name":"wp","href":"https:\/\/api.w.org\/{rel}","templated":true}]}}