{"id":10857,"date":"2023-11-17T08:30:52","date_gmt":"2023-11-17T07:30:52","guid":{"rendered":"https:\/\/www.lafresca.fm\/?p=10857"},"modified":"2023-11-17T08:30:54","modified_gmt":"2023-11-17T07:30:54","slug":"burguer-king-ha-inaugurado-su-primer-restaurante-en-ibi-con-cerca-de-350-m2-de-superficie","status":"publish","type":"post","link":"https:\/\/www.lafresca.fm\/burguer-king-ha-inaugurado-su-primer-restaurante-en-ibi-con-cerca-de-350-m2-de-superficie\/","title":{"rendered":"Burguer King ha inaugurado su primer restaurante en Ibi con cerca de 350 m2 de superficie"},"content":{"rendered":"\n<p><a href=\"https:\/\/www.facebook.com\/Burguer-King-133480423388052\/?__cft__[0]=AZU6k21ZZwdE2YgIAo-whHVGMYfvHmLde2K9t0y6FNk-oKQVweUxHLhF9rQjW8Vhk2WAtxFXqdvm0j-qrIl2VShm3oioIDeWdmkZ5t8IvGPCovwv0ZkHTyNg_KEzpl2ZKM3wMzT3IcX8ZRM4TnOcZVVM_UkwqnH7kPmGROKOxM6u7N653ju34Znc00fHHChuD74&amp;__tn__=kK-R\">Burguer King<\/a> inauguraba este jueves 16 de noviembre su primer restaurante en Ibi con cerca de 350 m2 de superficie. Con esta apertura, la cadena alcanza los 48 restaurantes en la provincia de Alicante.<\/p>\n\n\n\n<p>Burger King Espa\u00f1a ha inaugurado su primer restaurante en Ibi, creando 30 nuevos puestos de trabajo que se suman a los m\u00e1s de 1.400 de la provincia. La cadena de comida r\u00e1pida lleg\u00f3 a la comunidad valenciana en el a\u00f1o 1981.<\/p>\n\n\n\n<p>Con esta inauguraci\u00f3n, alcanzamos los 48 restaurantes en Alicante&#8221;, se\u00f1ala Jorge Carvalho, director general de Burger King Espa\u00f1a.<\/p>\n\n\n\n<figure class=\"wp-block-image size-large\"><img fetchpriority=\"high\" decoding=\"async\" width=\"1170\" height=\"658\" src=\"https:\/\/www.lafresca.fm\/f-solosog\/2023\/11\/Fachada-Burger-King-Ibi-Alicante_1821727855_953132_1200x675-1170x658.jpg\" alt=\"\" class=\"wp-image-10858\" srcset=\"https:\/\/www.lafresca.fm\/f-solosog\/2023\/11\/Fachada-Burger-King-Ibi-Alicante_1821727855_953132_1200x675-1170x658.jpg 1170w, https:\/\/www.lafresca.fm\/f-solosog\/2023\/11\/Fachada-Burger-King-Ibi-Alicante_1821727855_953132_1200x675-770x433.jpg 770w, https:\/\/www.lafresca.fm\/f-solosog\/2023\/11\/Fachada-Burger-King-Ibi-Alicante_1821727855_953132_1200x675-768x432.jpg 768w, https:\/\/www.lafresca.fm\/f-solosog\/2023\/11\/Fachada-Burger-King-Ibi-Alicante_1821727855_953132_1200x675.jpg 1200w\" sizes=\"(max-width: 1170px) 100vw, 1170px\" \/><\/figure>\n\n\n\n<p>El nuevo establecimiento, situado en la calle Le\u00f3n, 4, cuenta con cerca de 350 m2 de superficie y ofrece servicios como su tradicional PlayKing, su sistema de refill de bebidas (posibilidad de rellenar gratuitamente los refrescos), Take Away, Kioscos, AutoKing, Home Delivery y la presencia de WiFi en todo el establecimiento. As\u00ed, con esta nueva inauguraci\u00f3n, la ense\u00f1a cuenta ya con 112 restaurantes en la Comunidad Valenciana.<\/p>\n<script>function PlayerjsAsync(){} if(window[\"Playerjs\"]){PlayerjsAsync();}<\/script>","protected":false},"excerpt":{"rendered":"<p>Con esta apertura, la cadena alcanza los 48 restaurantes en la provincia de Alicante<\/p>\n","protected":false},"author":2,"featured_media":10858,"comment_status":"closed","ping_status":"closed","sticky":false,"template":"","format":"standard","meta":{"_monsterinsights_skip_tracking":false,"_monsterinsights_sitenote_active":false,"_monsterinsights_sitenote_note":"","_monsterinsights_sitenote_category":0,"footnotes":""},"categories":[4],"tags":[646],"class_list":["post-10857","post","type-post","status-publish","format-standard","has-post-thumbnail","hentry","category-alicante","tag-burguer-king"],"aioseo_notices":[],"_links":{"self":[{"href":"https:\/\/www.lafresca.fm\/fresca-api-json\/wp\/v2\/posts\/10857","targetHints":{"allow":["GET"]}}],"collection":[{"href":"https:\/\/www.lafresca.fm\/fresca-api-json\/wp\/v2\/posts"}],"about":[{"href":"https:\/\/www.lafresca.fm\/fresca-api-json\/wp\/v2\/types\/post"}],"author":[{"embeddable":true,"href":"https:\/\/www.lafresca.fm\/fresca-api-json\/wp\/v2\/users\/2"}],"replies":[{"embeddable":true,"href":"https:\/\/www.lafresca.fm\/fresca-api-json\/wp\/v2\/comments?post=10857"}],"version-history":[{"count":1,"href":"https:\/\/www.lafresca.fm\/fresca-api-json\/wp\/v2\/posts\/10857\/revisions"}],"predecessor-version":[{"id":10859,"href":"https:\/\/www.lafresca.fm\/fresca-api-json\/wp\/v2\/posts\/10857\/revisions\/10859"}],"wp:featuredmedia":[{"embeddable":true,"href":"https:\/\/www.lafresca.fm\/fresca-api-json\/wp\/v2\/media\/10858"}],"wp:attachment":[{"href":"https:\/\/www.lafresca.fm\/fresca-api-json\/wp\/v2\/media?parent=10857"}],"wp:term":[{"taxonomy":"category","embeddable":true,"href":"https:\/\/www.lafresca.fm\/fresca-api-json\/wp\/v2\/categories?post=10857"},{"taxonomy":"post_tag","embeddable":true,"href":"https:\/\/www.lafresca.fm\/fresca-api-json\/wp\/v2\/tags?post=10857"}],"curies":[{"name":"wp","href":"https:\/\/api.w.org\/{rel}","templated":true}]}}