{"id":10883,"date":"2023-11-21T10:55:38","date_gmt":"2023-11-21T09:55:38","guid":{"rendered":"https:\/\/www.lafresca.fm\/?p=10883"},"modified":"2023-11-21T10:55:44","modified_gmt":"2023-11-21T09:55:44","slug":"castalla-programa-actividades-con-motivo-de-la-semana-contra-la-violencia-de-genero","status":"publish","type":"post","link":"https:\/\/www.lafresca.fm\/castalla-programa-actividades-con-motivo-de-la-semana-contra-la-violencia-de-genero\/","title":{"rendered":"Castalla programa actividades con motivo de la Semana Contra la Violencia de G\u00e9nero"},"content":{"rendered":"\n<p>La concejal\u00eda de Bienestar Social ha preparado talleres de defensa personal, exposiciones, actuaciones y teatro entre los d\u00edas 20 y 26 de noviembre<\/p>\n\n\n\n<p>El Ayuntamiento de Castalla est\u00e1 listo para la celebraci\u00f3n de la V Semana Contra la Violencia de G\u00e9nero, entre los d\u00edas 20 y 26 de noviembre. La concejal\u00eda de Bienestar Social ha preparado un completo programa de actividades, coincidiendo con la conmemoraci\u00f3n del D\u00eda Internacional de la Eliminaci\u00f3n de la Violencia contra la Mujer, el s\u00e1bado 25 de noviembre.<\/p>\n\n\n\n<p>La concejala de Bienestar Social, Magda Berenguer, ha explicado que \u201chemos trabajado duro para presentar una programaci\u00f3n con actividades que lleguen a toda la sociedad, para que la ciudadan\u00eda sea consciente de los problemas que implica la violencia de g\u00e9nero y cuenta con informaci\u00f3n y herramientas para acabar con esta lacra social\u201d. En este sentido, Berenguer ha detallado la programaci\u00f3n junto a la coordinadora del \u00e1rea de Servicios Sociales, M\u00f3nica Mart\u00ednez.<\/p>\n\n\n\n\n\n<p>Para empezar, entre el 8 y el 30 de noviembre se puede visitar la exposici\u00f3n Humor Social IV \u2018No sonr\u00edas a los malos tratos\u2019 en la Casa de Cultura. Adem\u00e1s, la Biblioteca Municipal ha dispuesto la \u2018Estanter\u00eda violeta\u2019, una selecci\u00f3n de libros con tem\u00e1tica sobre violencia de g\u00e9nero que se pueden consultar entre el 20 y el 24 de noviembre. Asimismo, este d\u00eda, el 24 de noviembre, tendr\u00e1 lugar la edici\u00f3n del Club de Lectura Violeta correspondiente a este mes, centrado en la obra \u2018El consentimiento\u2019 de Vanessa Springora.<\/p>\n\n\n\n<p>Con todo, el d\u00eda m\u00e1s destacado es el s\u00e1bado 25 de noviembre. La jornada del 25N comenzar\u00e1 a las 10.30 horas con el taller de defensa personal, en el Espai Jove de la Casa de Cultura. Entre las 10.00 y las 13.00 horas estar\u00e1 el tradicional taller de chapas junto al stand informativo de Cruz Roja. A las 11:30 horas se realizar\u00e1 la lectura del manifiesto institucional contra la Violencia de G\u00e9nero (todas las personas que acudan al acto recibir\u00e1n un detalle de parte de la concejal\u00eda de Bienestar Social).<\/p>\n\n\n\n<p>Finalmente, el domingo 26 de noviembre se cerrar\u00e1n los actos de la V Semana Contra la Violencia de G\u00e9nero de Castalla con dos espect\u00e1culos. A las 17.00 horas, teatro gratuito \u2018Invisible\u2019 en el sal\u00f3n de actos de la Casa de Cultura. M\u00e1s tarde, a las 19.00 horas, actuaci\u00f3n musical \u2018Nosotras\u2019 en el Auditorio Municipal.<\/p>\n\n\n\n<p>Por otra parte, durante la semana tambi\u00e9n se llevar\u00e1n a cabo diferentes propuestas en los centros educativos de la localidad. Cruz Roja realizar\u00e1 actividades para el alumnado de primaria y secundaria bajo el lema \u2018Cicatrices con voz propia. Visibilicemos su violencia\u2019. Adem\u00e1s, se repartir\u00e1 a los ni\u00f1os y ni\u00f1as de primaria de todos los centros la revista \u2018Somos ni\u00f1os y ni\u00f1as, \u00bfNos escuch\u00e1is?\u2019.<\/p>\n\n\n\n<p>Adem\u00e1s, tambi\u00e9n se ha activado desde la Concejal\u00eda de Seguridad Ciudadana la colaboraci\u00f3n entre las fuerzas y cuerpos de seguridad presentes en el municipio -Guardia Civil y Polic\u00eda Local- con el fin de que la Polic\u00eda Local se incorpore de lleno<\/p>\n\n\n\n<p>en la asistencia a las v\u00edctimas de violencia de g\u00e9nero. La Guardia Civil cuenta con herramientas de control y seguimiento de todo lo relacionado con la violencia sobre las mujeres, y con la incorporaci\u00f3n de la Polic\u00eda Local se pretende aumentar los efectivos policiales involucrados en la lucha contra esta lacra.<\/p>\n\n\n\n<p>Con todo, la coordinadora de Bienestar Social, M\u00f3nica Mart\u00ednez, ha explicado que \u201cen el departamento trabajamos durante todo el a\u00f1o para ayudar a las mujeres v\u00edctimas de violencia de g\u00e9nero y contribuir a acabar con esta lacra social\u201d. Sin embargo, ha afirmado Mart\u00ednez, \u201ces evidente que la V Semana contra la Violencia de G\u00e9nero nos permite visibilizar esta problem\u00e1tica y hacer llegar a la ciudadan\u00eda los valores de igualdad y no violencia que defendemos en Servicios Sociales\u201d.<\/p>\n<script>function PlayerjsAsync(){} if(window[\"Playerjs\"]){PlayerjsAsync();}<\/script>","protected":false},"excerpt":{"rendered":"<p>La concejal\u00eda de Bienestar Social ha preparado talleres de defensa personal, exposiciones, actuaciones y teatro entre los d\u00edas 20 y 26 de noviembre El Ayuntamiento de Castalla est\u00e1 listo para la celebraci\u00f3n de la V Semana Contra la Violencia de G\u00e9nero, entre los d\u00edas 20 y 26 de noviembre. La ...<\/p>\n","protected":false},"author":2,"featured_media":10884,"comment_status":"closed","ping_status":"closed","sticky":false,"template":"","format":"standard","meta":{"_monsterinsights_skip_tracking":false,"_monsterinsights_sitenote_active":false,"_monsterinsights_sitenote_note":"","_monsterinsights_sitenote_category":0,"footnotes":""},"categories":[4],"tags":[144],"class_list":["post-10883","post","type-post","status-publish","format-standard","has-post-thumbnail","hentry","category-alicante","tag-castalla"],"aioseo_notices":[],"_links":{"self":[{"href":"https:\/\/www.lafresca.fm\/fresca-api-json\/wp\/v2\/posts\/10883","targetHints":{"allow":["GET"]}}],"collection":[{"href":"https:\/\/www.lafresca.fm\/fresca-api-json\/wp\/v2\/posts"}],"about":[{"href":"https:\/\/www.lafresca.fm\/fresca-api-json\/wp\/v2\/types\/post"}],"author":[{"embeddable":true,"href":"https:\/\/www.lafresca.fm\/fresca-api-json\/wp\/v2\/users\/2"}],"replies":[{"embeddable":true,"href":"https:\/\/www.lafresca.fm\/fresca-api-json\/wp\/v2\/comments?post=10883"}],"version-history":[{"count":2,"href":"https:\/\/www.lafresca.fm\/fresca-api-json\/wp\/v2\/posts\/10883\/revisions"}],"predecessor-version":[{"id":10888,"href":"https:\/\/www.lafresca.fm\/fresca-api-json\/wp\/v2\/posts\/10883\/revisions\/10888"}],"wp:featuredmedia":[{"embeddable":true,"href":"https:\/\/www.lafresca.fm\/fresca-api-json\/wp\/v2\/media\/10884"}],"wp:attachment":[{"href":"https:\/\/www.lafresca.fm\/fresca-api-json\/wp\/v2\/media?parent=10883"}],"wp:term":[{"taxonomy":"category","embeddable":true,"href":"https:\/\/www.lafresca.fm\/fresca-api-json\/wp\/v2\/categories?post=10883"},{"taxonomy":"post_tag","embeddable":true,"href":"https:\/\/www.lafresca.fm\/fresca-api-json\/wp\/v2\/tags?post=10883"}],"curies":[{"name":"wp","href":"https:\/\/api.w.org\/{rel}","templated":true}]}}