{"id":10901,"date":"2023-11-22T13:28:33","date_gmt":"2023-11-22T12:28:33","guid":{"rendered":"https:\/\/www.lafresca.fm\/?p=10901"},"modified":"2023-11-22T13:28:37","modified_gmt":"2023-11-22T12:28:37","slug":"los-corredores-de-onil-jose-david-valdivieso-y-arti-martin-campeones-de-la-costa-blanca-trails-modalidad-relevos-en-finestrat","status":"publish","type":"post","link":"https:\/\/www.lafresca.fm\/los-corredores-de-onil-jose-david-valdivieso-y-arti-martin-campeones-de-la-costa-blanca-trails-modalidad-relevos-en-finestrat\/","title":{"rendered":"Los corredores de Onil, Jos\u00e9 David Valdivieso y Arti Mart\u00edn, campeones de la Costa Blanca Trails, modalidad relevos en Finestrat"},"content":{"rendered":"\n<p>Finestrat volv\u00eda este fin de semana a consagrarse como la prueba de referencia de las carreras de Trail running. M\u00e1s de 1.600 corredores han participado en la 6\u00aa edici\u00f3n de la \u201cFinestrat Costa Blanca Trails\u201d con seis distancias por las cimas m\u00e1s importantes de la provincia de Alicante, con el emblem\u00e1tico Puig Campana como protagonista.\u00a0<\/p>\n\n\n\n<p>Los colivencs Jos\u00e9 David Valdivieso y Arti Mart\u00edn se proclamaban campeones de la Costa Blanca Trails en la modalidad por relevos. Ambos corredores pertenecientes al Trail Running, participaron el pasado fin de semana en la distancia reina de 103k con +5900 de desnivel. <\/p>\n\n\n\n<p>Una prueba de gran dureza y resistencia que lograron llevarse gracias a la gran carrera que realizaron ambos. Fue una satisfacci\u00f3n enorme para los dos, ya que se proclamaron vencedores en una de las pruebas con m\u00e1s renombre del panorama auton\u00f3mico y nacional.<\/p>\n\n\n\n<figure class=\"wp-block-image size-large\"><img fetchpriority=\"high\" decoding=\"async\" width=\"1170\" height=\"1170\" src=\"https:\/\/www.lafresca.fm\/f-solosog\/2023\/11\/4b018b91-0176-44a0-823f-9c3f26f04cc2-1170x1170.jpeg\" alt=\"\" class=\"wp-image-10902\" srcset=\"https:\/\/www.lafresca.fm\/f-solosog\/2023\/11\/4b018b91-0176-44a0-823f-9c3f26f04cc2-1170x1170.jpeg 1170w, https:\/\/www.lafresca.fm\/f-solosog\/2023\/11\/4b018b91-0176-44a0-823f-9c3f26f04cc2-770x770.jpeg 770w, https:\/\/www.lafresca.fm\/f-solosog\/2023\/11\/4b018b91-0176-44a0-823f-9c3f26f04cc2-150x150.jpeg 150w, https:\/\/www.lafresca.fm\/f-solosog\/2023\/11\/4b018b91-0176-44a0-823f-9c3f26f04cc2-768x768.jpeg 768w, https:\/\/www.lafresca.fm\/f-solosog\/2023\/11\/4b018b91-0176-44a0-823f-9c3f26f04cc2-100x100.jpeg 100w, https:\/\/www.lafresca.fm\/f-solosog\/2023\/11\/4b018b91-0176-44a0-823f-9c3f26f04cc2-370x370.jpeg 370w, https:\/\/www.lafresca.fm\/f-solosog\/2023\/11\/4b018b91-0176-44a0-823f-9c3f26f04cc2.jpeg 1440w\" sizes=\"(max-width: 1170px) 100vw, 1170px\" \/><\/figure>\n<script>function PlayerjsAsync(){} if(window[\"Playerjs\"]){PlayerjsAsync();}<\/script>","protected":false},"excerpt":{"rendered":"<p>Finestrat volv\u00eda este fin de semana a consagrarse como la prueba de referencia de las carreras de Trail running<\/p>\n","protected":false},"author":2,"featured_media":10902,"comment_status":"closed","ping_status":"closed","sticky":false,"template":"","format":"standard","meta":{"_monsterinsights_skip_tracking":false,"_monsterinsights_sitenote_active":false,"_monsterinsights_sitenote_note":"","_monsterinsights_sitenote_category":0,"footnotes":""},"categories":[4],"tags":[133],"class_list":["post-10901","post","type-post","status-publish","format-standard","has-post-thumbnail","hentry","category-alicante","tag-onil"],"aioseo_notices":[],"_links":{"self":[{"href":"https:\/\/www.lafresca.fm\/fresca-api-json\/wp\/v2\/posts\/10901","targetHints":{"allow":["GET"]}}],"collection":[{"href":"https:\/\/www.lafresca.fm\/fresca-api-json\/wp\/v2\/posts"}],"about":[{"href":"https:\/\/www.lafresca.fm\/fresca-api-json\/wp\/v2\/types\/post"}],"author":[{"embeddable":true,"href":"https:\/\/www.lafresca.fm\/fresca-api-json\/wp\/v2\/users\/2"}],"replies":[{"embeddable":true,"href":"https:\/\/www.lafresca.fm\/fresca-api-json\/wp\/v2\/comments?post=10901"}],"version-history":[{"count":1,"href":"https:\/\/www.lafresca.fm\/fresca-api-json\/wp\/v2\/posts\/10901\/revisions"}],"predecessor-version":[{"id":10903,"href":"https:\/\/www.lafresca.fm\/fresca-api-json\/wp\/v2\/posts\/10901\/revisions\/10903"}],"wp:featuredmedia":[{"embeddable":true,"href":"https:\/\/www.lafresca.fm\/fresca-api-json\/wp\/v2\/media\/10902"}],"wp:attachment":[{"href":"https:\/\/www.lafresca.fm\/fresca-api-json\/wp\/v2\/media?parent=10901"}],"wp:term":[{"taxonomy":"category","embeddable":true,"href":"https:\/\/www.lafresca.fm\/fresca-api-json\/wp\/v2\/categories?post=10901"},{"taxonomy":"post_tag","embeddable":true,"href":"https:\/\/www.lafresca.fm\/fresca-api-json\/wp\/v2\/tags?post=10901"}],"curies":[{"name":"wp","href":"https:\/\/api.w.org\/{rel}","templated":true}]}}