{"id":10956,"date":"2023-11-30T16:53:18","date_gmt":"2023-11-30T15:53:18","guid":{"rendered":"https:\/\/www.lafresca.fm\/?p=10956"},"modified":"2023-11-30T16:57:40","modified_gmt":"2023-11-30T15:57:40","slug":"propietarios-y-policia-de-onil-se-unen-para-atajar-los-robos-durante-la-campana-de-la-aceituna","status":"publish","type":"post","link":"https:\/\/www.lafresca.fm\/propietarios-y-policia-de-onil-se-unen-para-atajar-los-robos-durante-la-campana-de-la-aceituna\/","title":{"rendered":"Propietarios se re\u00fanen con Polic\u00eda y GC para atajar los robos durante la campa\u00f1a de la Aceituna"},"content":{"rendered":"\n<p>Este pasado mi\u00e9rcoles 29 de noviembre los propietarios de campos de oliva mantuvieron una reuni\u00f3n t\u00e9cnica para la prevenci\u00f3n de hurtos y\/o robos durante la campa\u00f1a de recogida de la oliva. <\/p>\n\n\n\n<p>En la misma han participado Polic\u00eda Local de Onil, Guardia Civil de Onil, representaci\u00f3n de agricultores y Cooperativa Agr\u00edcola Virgen de la Salud de Onil. <\/p>\n\n\n\n<p>La finalidad es aumentar y mejorar la vigilancia y prevenci\u00f3n en casas de campo y partidas rurales, as\u00ed como otras inquietudes y necesidades de los agricultores, ajustando as\u00ed, la actuaci\u00f3n policial para mayor efectividad en las labores de vigilancia. \u00a1\u00a1Trabajo, compromiso y cooperaci\u00f3n para un mismo objetivo!!<\/p>\n\n\n\n<figure class=\"wp-block-image size-large\"><img fetchpriority=\"high\" decoding=\"async\" width=\"1170\" height=\"878\" src=\"https:\/\/www.lafresca.fm\/f-solosog\/2023\/11\/poli-onil-1170x878.jpg\" alt=\"\" class=\"wp-image-10957\" srcset=\"https:\/\/www.lafresca.fm\/f-solosog\/2023\/11\/poli-onil-1170x878.jpg 1170w, https:\/\/www.lafresca.fm\/f-solosog\/2023\/11\/poli-onil-770x578.jpg 770w, https:\/\/www.lafresca.fm\/f-solosog\/2023\/11\/poli-onil-768x576.jpg 768w, https:\/\/www.lafresca.fm\/f-solosog\/2023\/11\/poli-onil-1536x1152.jpg 1536w, https:\/\/www.lafresca.fm\/f-solosog\/2023\/11\/poli-onil.jpg 2000w\" sizes=\"(max-width: 1170px) 100vw, 1170px\" \/><\/figure>\n<script>function PlayerjsAsync(){} if(window[\"Playerjs\"]){PlayerjsAsync();}<\/script>","protected":false},"excerpt":{"rendered":"<p>Este pasado mi\u00e9rcoles 29 de noviembre los propietarios de campos de oliva mantuvieron una reuni\u00f3n t\u00e9cnica para la prevenci\u00f3n de hurtos y\/o robos durante la campa\u00f1a de recogida de la oliva. En la misma han participado Polic\u00eda Local de Onil, Guardia Civil de Onil, representaci\u00f3n de agricultores y Cooperativa Agr\u00edcola ...<\/p>\n","protected":false},"author":2,"featured_media":10957,"comment_status":"closed","ping_status":"closed","sticky":false,"template":"","format":"standard","meta":{"_monsterinsights_skip_tracking":false,"_monsterinsights_sitenote_active":false,"_monsterinsights_sitenote_note":"","_monsterinsights_sitenote_category":0,"footnotes":""},"categories":[4],"tags":[133],"class_list":["post-10956","post","type-post","status-publish","format-standard","has-post-thumbnail","hentry","category-alicante","tag-onil"],"aioseo_notices":[],"_links":{"self":[{"href":"https:\/\/www.lafresca.fm\/fresca-api-json\/wp\/v2\/posts\/10956","targetHints":{"allow":["GET"]}}],"collection":[{"href":"https:\/\/www.lafresca.fm\/fresca-api-json\/wp\/v2\/posts"}],"about":[{"href":"https:\/\/www.lafresca.fm\/fresca-api-json\/wp\/v2\/types\/post"}],"author":[{"embeddable":true,"href":"https:\/\/www.lafresca.fm\/fresca-api-json\/wp\/v2\/users\/2"}],"replies":[{"embeddable":true,"href":"https:\/\/www.lafresca.fm\/fresca-api-json\/wp\/v2\/comments?post=10956"}],"version-history":[{"count":2,"href":"https:\/\/www.lafresca.fm\/fresca-api-json\/wp\/v2\/posts\/10956\/revisions"}],"predecessor-version":[{"id":10960,"href":"https:\/\/www.lafresca.fm\/fresca-api-json\/wp\/v2\/posts\/10956\/revisions\/10960"}],"wp:featuredmedia":[{"embeddable":true,"href":"https:\/\/www.lafresca.fm\/fresca-api-json\/wp\/v2\/media\/10957"}],"wp:attachment":[{"href":"https:\/\/www.lafresca.fm\/fresca-api-json\/wp\/v2\/media?parent=10956"}],"wp:term":[{"taxonomy":"category","embeddable":true,"href":"https:\/\/www.lafresca.fm\/fresca-api-json\/wp\/v2\/categories?post=10956"},{"taxonomy":"post_tag","embeddable":true,"href":"https:\/\/www.lafresca.fm\/fresca-api-json\/wp\/v2\/tags?post=10956"}],"curies":[{"name":"wp","href":"https:\/\/api.w.org\/{rel}","templated":true}]}}