{"id":10976,"date":"2023-12-04T16:08:22","date_gmt":"2023-12-04T15:08:22","guid":{"rendered":"https:\/\/www.lafresca.fm\/?p=10976"},"modified":"2023-12-04T16:08:26","modified_gmt":"2023-12-04T15:08:26","slug":"entrevista-a-elio-verdu-concejal-de-servicios-publicos-juventud-y-diversidad-en-el-ayuntamiento-de-ibi","status":"publish","type":"post","link":"https:\/\/www.lafresca.fm\/entrevista-a-elio-verdu-concejal-de-servicios-publicos-juventud-y-diversidad-en-el-ayuntamiento-de-ibi\/","title":{"rendered":"Entrevista a Elio Verd\u00fa, concejal de Servicios P\u00fablicos, Juventud y Diversidad en el Ayuntamiento de Ibi"},"content":{"rendered":"\n<p>Tratamos con el regidor diferentes cuestiones de la actualidad ibense:<\/p>\n\n\n\n<p>Aprobaci\u00f3n Plan de Choque, contrataci\u00f3n de nueva empresa de limpieza de edificios p\u00fablicos, bus urbano, carburante flota municipal, vandalismo en el Lavadero, protectora de animales, alumbrado extraordinario de navidad y otros temas.<\/p>\n\n\n\n<figure class=\"wp-block-audio\"><audio controls src=\"https:\/\/www.lafresca.fm\/f-solosog\/2023\/12\/Entrevista-Elio-Verdu-41223-ok.mp3\"><\/audio><\/figure>\n\n\n\n<figure class=\"wp-block-image size-large\"><img fetchpriority=\"high\" decoding=\"async\" width=\"1170\" height=\"878\" src=\"https:\/\/www.lafresca.fm\/f-solosog\/2023\/12\/elio-verdu-41223-1170x878.jpg\" alt=\"\" class=\"wp-image-10978\" srcset=\"https:\/\/www.lafresca.fm\/f-solosog\/2023\/12\/elio-verdu-41223-1170x878.jpg 1170w, https:\/\/www.lafresca.fm\/f-solosog\/2023\/12\/elio-verdu-41223-770x578.jpg 770w, https:\/\/www.lafresca.fm\/f-solosog\/2023\/12\/elio-verdu-41223-768x576.jpg 768w, https:\/\/www.lafresca.fm\/f-solosog\/2023\/12\/elio-verdu-41223-1536x1152.jpg 1536w, https:\/\/www.lafresca.fm\/f-solosog\/2023\/12\/elio-verdu-41223.jpg 2000w\" sizes=\"(max-width: 1170px) 100vw, 1170px\" \/><\/figure>\n<script>function PlayerjsAsync(){} if(window[\"Playerjs\"]){PlayerjsAsync();}<\/script>","protected":false},"excerpt":{"rendered":"<p>Empresa de limpieza, alumbrado de navidad, bus, carburante etc<\/p>\n","protected":false},"author":2,"featured_media":10978,"comment_status":"closed","ping_status":"closed","sticky":false,"template":"","format":"standard","meta":{"_monsterinsights_skip_tracking":false,"_monsterinsights_sitenote_active":false,"_monsterinsights_sitenote_note":"","_monsterinsights_sitenote_category":0,"footnotes":""},"categories":[4],"tags":[658,128],"class_list":["post-10976","post","type-post","status-publish","format-standard","has-post-thumbnail","hentry","category-alicante","tag-elio-verdu","tag-ibi"],"aioseo_notices":[],"_links":{"self":[{"href":"https:\/\/www.lafresca.fm\/fresca-api-json\/wp\/v2\/posts\/10976","targetHints":{"allow":["GET"]}}],"collection":[{"href":"https:\/\/www.lafresca.fm\/fresca-api-json\/wp\/v2\/posts"}],"about":[{"href":"https:\/\/www.lafresca.fm\/fresca-api-json\/wp\/v2\/types\/post"}],"author":[{"embeddable":true,"href":"https:\/\/www.lafresca.fm\/fresca-api-json\/wp\/v2\/users\/2"}],"replies":[{"embeddable":true,"href":"https:\/\/www.lafresca.fm\/fresca-api-json\/wp\/v2\/comments?post=10976"}],"version-history":[{"count":1,"href":"https:\/\/www.lafresca.fm\/fresca-api-json\/wp\/v2\/posts\/10976\/revisions"}],"predecessor-version":[{"id":10979,"href":"https:\/\/www.lafresca.fm\/fresca-api-json\/wp\/v2\/posts\/10976\/revisions\/10979"}],"wp:featuredmedia":[{"embeddable":true,"href":"https:\/\/www.lafresca.fm\/fresca-api-json\/wp\/v2\/media\/10978"}],"wp:attachment":[{"href":"https:\/\/www.lafresca.fm\/fresca-api-json\/wp\/v2\/media?parent=10976"}],"wp:term":[{"taxonomy":"category","embeddable":true,"href":"https:\/\/www.lafresca.fm\/fresca-api-json\/wp\/v2\/categories?post=10976"},{"taxonomy":"post_tag","embeddable":true,"href":"https:\/\/www.lafresca.fm\/fresca-api-json\/wp\/v2\/tags?post=10976"}],"curies":[{"name":"wp","href":"https:\/\/api.w.org\/{rel}","templated":true}]}}