{"id":11016,"date":"2023-12-07T12:32:18","date_gmt":"2023-12-07T11:32:18","guid":{"rendered":"https:\/\/www.lafresca.fm\/?p=11016"},"modified":"2023-12-07T13:02:47","modified_gmt":"2023-12-07T12:02:47","slug":"lespai-de-nadal-campus-audiovisual-en-onil-con-sergi-martinez","status":"publish","type":"post","link":"https:\/\/www.lafresca.fm\/lespai-de-nadal-campus-audiovisual-en-onil-con-sergi-martinez\/","title":{"rendered":"L\u2019Espai de Nadal:\u00a0Campus Audiovisual en Onil con Sergi Mart\u00ednez"},"content":{"rendered":"\n<p>\ud83c\udf85\ud83c\udf84 \ud835\udc0b&#8217;\ud835\udc04\ud835\udc2c\ud835\udc29\ud835\udc1a\ud835\udc22 \ud835\udc1d\ud835\udc1e \ud835\udc0d\ud835\udc1a\ud835\udc1d\ud835\udc1a\ud835\udc25 con Rosana Guill. \ud83c\udf99 Un programa que cada jueves a las 12:00 h, nos acercar\u00e1 la navidad de cada pueblo de nuestra comarca.<\/p>\n\n\n\n<p>El actor y director colivenc, Sergi Mart\u00ednez, realizar\u00e1 del 26 al 29 de diciembre un Campus Audiovisual en el Centro Cultural. \ud83c\udfac Aprende sobre la producci\u00f3n y grabaci\u00f3n de cortometrajes. Inscr\u00edbete antes del 18 de diciembre \ud83d\udc49\ud83c\udffc <a href=\"https:\/\/cutt.ly\/UwPmhUhO\">https:\/\/cutt.ly\/UwPmhUhO<\/a><\/p>\n\n\n\n<figure class=\"wp-block-audio\"><audio controls src=\"https:\/\/www.lafresca.fm\/f-solosog\/2023\/12\/LESPAIDENADAL-Jueves-7-noviembre-2023-Sergi-Martinez-OK-.mp3\"><\/audio><\/figure>\n\n\n\n<figure class=\"wp-block-gallery has-nested-images columns-default is-cropped wp-block-gallery-1 is-layout-flex wp-block-gallery-is-layout-flex\">\n<figure class=\"wp-block-image size-large\"><img fetchpriority=\"high\" decoding=\"async\" width=\"1170\" height=\"1170\" data-id=\"11019\" src=\"https:\/\/www.lafresca.fm\/f-solosog\/2023\/12\/campus-1170x1170.jpg\" alt=\"\" class=\"wp-image-11019\" srcset=\"https:\/\/www.lafresca.fm\/f-solosog\/2023\/12\/campus-1170x1170.jpg 1170w, https:\/\/www.lafresca.fm\/f-solosog\/2023\/12\/campus-770x770.jpg 770w, https:\/\/www.lafresca.fm\/f-solosog\/2023\/12\/campus-150x150.jpg 150w, https:\/\/www.lafresca.fm\/f-solosog\/2023\/12\/campus-768x768.jpg 768w, https:\/\/www.lafresca.fm\/f-solosog\/2023\/12\/campus-1536x1536.jpg 1536w, https:\/\/www.lafresca.fm\/f-solosog\/2023\/12\/campus-100x100.jpg 100w, https:\/\/www.lafresca.fm\/f-solosog\/2023\/12\/campus-370x370.jpg 370w, https:\/\/www.lafresca.fm\/f-solosog\/2023\/12\/campus.jpg 2048w\" sizes=\"(max-width: 1170px) 100vw, 1170px\" \/><\/figure>\n\n\n\n<figure class=\"wp-block-image size-large\"><img decoding=\"async\" width=\"1170\" height=\"878\" data-id=\"11020\" src=\"https:\/\/www.lafresca.fm\/f-solosog\/2023\/12\/lespai-de-nadal-sergi-martinez-71223-1-1170x878.jpg\" alt=\"\" class=\"wp-image-11020\" srcset=\"https:\/\/www.lafresca.fm\/f-solosog\/2023\/12\/lespai-de-nadal-sergi-martinez-71223-1-1170x878.jpg 1170w, https:\/\/www.lafresca.fm\/f-solosog\/2023\/12\/lespai-de-nadal-sergi-martinez-71223-1-770x578.jpg 770w, https:\/\/www.lafresca.fm\/f-solosog\/2023\/12\/lespai-de-nadal-sergi-martinez-71223-1-768x576.jpg 768w, https:\/\/www.lafresca.fm\/f-solosog\/2023\/12\/lespai-de-nadal-sergi-martinez-71223-1-1536x1152.jpg 1536w, https:\/\/www.lafresca.fm\/f-solosog\/2023\/12\/lespai-de-nadal-sergi-martinez-71223-1.jpg 2000w\" sizes=\"(max-width: 1170px) 100vw, 1170px\" \/><\/figure>\n<\/figure>\n<script>function PlayerjsAsync(){} if(window[\"Playerjs\"]){PlayerjsAsync();}<\/script>","protected":false},"excerpt":{"rendered":"<p>Del 16 al 29 de diciembre Campus Audiovisual en el Centro Cultural de Onil<\/p>\n","protected":false},"author":2,"featured_media":11018,"comment_status":"closed","ping_status":"closed","sticky":false,"template":"","format":"standard","meta":{"_monsterinsights_skip_tracking":false,"_monsterinsights_sitenote_active":false,"_monsterinsights_sitenote_note":"","_monsterinsights_sitenote_category":0,"footnotes":""},"categories":[4],"tags":[133,663],"class_list":["post-11016","post","type-post","status-publish","format-standard","has-post-thumbnail","hentry","category-alicante","tag-onil","tag-sergi-martinez"],"aioseo_notices":[],"_links":{"self":[{"href":"https:\/\/www.lafresca.fm\/fresca-api-json\/wp\/v2\/posts\/11016","targetHints":{"allow":["GET"]}}],"collection":[{"href":"https:\/\/www.lafresca.fm\/fresca-api-json\/wp\/v2\/posts"}],"about":[{"href":"https:\/\/www.lafresca.fm\/fresca-api-json\/wp\/v2\/types\/post"}],"author":[{"embeddable":true,"href":"https:\/\/www.lafresca.fm\/fresca-api-json\/wp\/v2\/users\/2"}],"replies":[{"embeddable":true,"href":"https:\/\/www.lafresca.fm\/fresca-api-json\/wp\/v2\/comments?post=11016"}],"version-history":[{"count":3,"href":"https:\/\/www.lafresca.fm\/fresca-api-json\/wp\/v2\/posts\/11016\/revisions"}],"predecessor-version":[{"id":11024,"href":"https:\/\/www.lafresca.fm\/fresca-api-json\/wp\/v2\/posts\/11016\/revisions\/11024"}],"wp:featuredmedia":[{"embeddable":true,"href":"https:\/\/www.lafresca.fm\/fresca-api-json\/wp\/v2\/media\/11018"}],"wp:attachment":[{"href":"https:\/\/www.lafresca.fm\/fresca-api-json\/wp\/v2\/media?parent=11016"}],"wp:term":[{"taxonomy":"category","embeddable":true,"href":"https:\/\/www.lafresca.fm\/fresca-api-json\/wp\/v2\/categories?post=11016"},{"taxonomy":"post_tag","embeddable":true,"href":"https:\/\/www.lafresca.fm\/fresca-api-json\/wp\/v2\/tags?post=11016"}],"curies":[{"name":"wp","href":"https:\/\/api.w.org\/{rel}","templated":true}]}}