{"id":11037,"date":"2023-12-12T15:46:46","date_gmt":"2023-12-12T14:46:46","guid":{"rendered":"https:\/\/www.lafresca.fm\/?p=11037"},"modified":"2023-12-12T15:46:49","modified_gmt":"2023-12-12T14:46:49","slug":"el-consistorio-instala-una-rampa-de-acceso-a-la-iglesia-de-la-transfiguracion-del-senor-de-ibi","status":"publish","type":"post","link":"https:\/\/www.lafresca.fm\/el-consistorio-instala-una-rampa-de-acceso-a-la-iglesia-de-la-transfiguracion-del-senor-de-ibi\/","title":{"rendered":"El consistorio instala una rampa de acceso a la Iglesia de la Transfiguraci\u00f3n del Se\u00f1or de Ibi"},"content":{"rendered":"\n<p>Las concejal\u00edas de Servicios P\u00fablicos y Urbanismo, que dirigen Elio Verd\u00fa y Nuria Pina, han dado inicio a la instalaci\u00f3n de una rampa provisional de acceso a la Iglesia de la Transfiguraci\u00f3n del Se\u00f1or, que garantice la accesibilidad a las personas con movilidad reducida.<\/p>\n\n\n\n<figure class=\"wp-block-image size-large is-resized\"><img fetchpriority=\"high\" decoding=\"async\" width=\"1170\" height=\"878\" src=\"https:\/\/www.lafresca.fm\/f-solosog\/2023\/12\/Imagen-de-WhatsApp-2023-12-12-a-las-11.31.23_2b8774d5-1170x878.jpg\" alt=\"\" class=\"wp-image-11038\" style=\"width:557px;height:auto\" srcset=\"https:\/\/www.lafresca.fm\/f-solosog\/2023\/12\/Imagen-de-WhatsApp-2023-12-12-a-las-11.31.23_2b8774d5-1170x878.jpg 1170w, https:\/\/www.lafresca.fm\/f-solosog\/2023\/12\/Imagen-de-WhatsApp-2023-12-12-a-las-11.31.23_2b8774d5-770x578.jpg 770w, https:\/\/www.lafresca.fm\/f-solosog\/2023\/12\/Imagen-de-WhatsApp-2023-12-12-a-las-11.31.23_2b8774d5-768x576.jpg 768w, https:\/\/www.lafresca.fm\/f-solosog\/2023\/12\/Imagen-de-WhatsApp-2023-12-12-a-las-11.31.23_2b8774d5-1536x1152.jpg 1536w, https:\/\/www.lafresca.fm\/f-solosog\/2023\/12\/Imagen-de-WhatsApp-2023-12-12-a-las-11.31.23_2b8774d5.jpg 1600w\" sizes=\"(max-width: 1170px) 100vw, 1170px\" \/><\/figure>\n\n\n\n<p>Las obras de la Plaza de la Iglesia han inhabilitado la anterior rampa, por lo que, atendiendo a la petici\u00f3n de la ciudadan\u00eda, se ha procedido a dar una soluci\u00f3n a este problema, garantizando el acceso al templo y la seguridad mientras duren las obras.<\/p>\n\n\n\n<p>La instalaci\u00f3n est\u00e1 avanzada, por lo que se espera que en breve la rampa pueda ser utilizada.<\/p>\n\n\n\n<p><\/p>\n<script>function PlayerjsAsync(){} if(window[\"Playerjs\"]){PlayerjsAsync();}<\/script>","protected":false},"excerpt":{"rendered":"<p>Las obras de la Plaza de la Iglesia hab\u00edan inhabilitado la anterior rampa<\/p>\n","protected":false},"author":2,"featured_media":11038,"comment_status":"closed","ping_status":"closed","sticky":false,"template":"","format":"standard","meta":{"_monsterinsights_skip_tracking":false,"_monsterinsights_sitenote_active":false,"_monsterinsights_sitenote_note":"","_monsterinsights_sitenote_category":0,"footnotes":""},"categories":[4],"tags":[128],"class_list":["post-11037","post","type-post","status-publish","format-standard","has-post-thumbnail","hentry","category-alicante","tag-ibi"],"aioseo_notices":[],"_links":{"self":[{"href":"https:\/\/www.lafresca.fm\/fresca-api-json\/wp\/v2\/posts\/11037","targetHints":{"allow":["GET"]}}],"collection":[{"href":"https:\/\/www.lafresca.fm\/fresca-api-json\/wp\/v2\/posts"}],"about":[{"href":"https:\/\/www.lafresca.fm\/fresca-api-json\/wp\/v2\/types\/post"}],"author":[{"embeddable":true,"href":"https:\/\/www.lafresca.fm\/fresca-api-json\/wp\/v2\/users\/2"}],"replies":[{"embeddable":true,"href":"https:\/\/www.lafresca.fm\/fresca-api-json\/wp\/v2\/comments?post=11037"}],"version-history":[{"count":1,"href":"https:\/\/www.lafresca.fm\/fresca-api-json\/wp\/v2\/posts\/11037\/revisions"}],"predecessor-version":[{"id":11039,"href":"https:\/\/www.lafresca.fm\/fresca-api-json\/wp\/v2\/posts\/11037\/revisions\/11039"}],"wp:featuredmedia":[{"embeddable":true,"href":"https:\/\/www.lafresca.fm\/fresca-api-json\/wp\/v2\/media\/11038"}],"wp:attachment":[{"href":"https:\/\/www.lafresca.fm\/fresca-api-json\/wp\/v2\/media?parent=11037"}],"wp:term":[{"taxonomy":"category","embeddable":true,"href":"https:\/\/www.lafresca.fm\/fresca-api-json\/wp\/v2\/categories?post=11037"},{"taxonomy":"post_tag","embeddable":true,"href":"https:\/\/www.lafresca.fm\/fresca-api-json\/wp\/v2\/tags?post=11037"}],"curies":[{"name":"wp","href":"https:\/\/api.w.org\/{rel}","templated":true}]}}