{"id":11051,"date":"2023-12-14T12:03:52","date_gmt":"2023-12-14T11:03:52","guid":{"rendered":"https:\/\/www.lafresca.fm\/?p=11051"},"modified":"2023-12-14T12:03:59","modified_gmt":"2023-12-14T11:03:59","slug":"el-jurado-del-concurso-de-fotografia-de-la-vaca-de-castalla-2023-da-a-conocer-los-premios-de-este-ano","status":"publish","type":"post","link":"https:\/\/www.lafresca.fm\/el-jurado-del-concurso-de-fotografia-de-la-vaca-de-castalla-2023-da-a-conocer-los-premios-de-este-ano\/","title":{"rendered":"El jurado del Concurso de Fotograf\u00eda de la Vaca de Castalla 2023 da a conocer los premios de este a\u00f1o"},"content":{"rendered":"\n<p>El jurado est\u00e1 formado por Blas Carri\u00f3n Guardiola, Antonia Pentinat Ayelo y David Belda, actuando como secretario, Juan Carlos Cobacho<\/p>\n\n\n\n<p>El jurado del X Concurso de Fotograf\u00eda de la Vaca de Castalla 2023 dio a conocer, el pasado 5 de noviembre, a los premiados de este a\u00f1o. El acto, que se celebr\u00f3 en el Aula de la Naturaleza, reuni\u00f3n al jurado que est\u00e1 formado por Blas Carri\u00f3n Guardiola, Antonia Pentinat Ayelo y David Belda Fenollar. Actuando como secretario estuvo Juan Carlos Cobacho.<\/p>\n\n\n\n<p>Al acto asistieron tambi\u00e9n el alcalde de Castalla, Jes\u00fas L\u00f3pez Blanco, y los concejales de festejos, Jos\u00e9 Rico Bernabeu y Javier Sirvent Brotons. Todos ellos asistieron como miembros de la comisi\u00f3n de vaca y de la Asociaci\u00f3n Fotogr\u00e1fica de Castalla.<\/p>\n\n\n\n<p>El concejal de festejos taurinos, Javier Sirvent, ha asegurado que \u201cestamos muy contentos por el gran nivel y la calidad de las fotograf\u00edas presentadas, as\u00ed como por los participantes en el concurso, ya que \u00e9ste despierta el inter\u00e9s tanto a nivel local como de vecinos de las poblaciones cercanas a Castalla\u201d.<\/p>\n\n\n\n<p>El primer premio dotado con 200 euros fue para Carlos Moles Sevilla de Castalla; el segundo premio dotado con 150 euros fue para Vicente Guill Fuster de Onil; el tercer premio dotado con 100 euros fue para Reyes Cerd\u00e1 Mira de Castalla y el premio local dotado con 50 euros fue para Jos\u00e9 Antonio Guill de Biar.<\/p>\n\n\n\n<p>Desde el Ayuntamiento de Castalla y la Asociaci\u00f3n Fotogr\u00e1fica de Castalla quieren dar las gracias a todos los participantes de esta edici\u00f3n, as\u00ed como dar la enhorabuena a todos los premiados.<\/p>\n\n\n\n<figure class=\"wp-block-gallery has-nested-images columns-default is-cropped wp-block-gallery-1 is-layout-flex wp-block-gallery-is-layout-flex\">\n<figure class=\"wp-block-image size-large\"><img fetchpriority=\"high\" decoding=\"async\" width=\"1170\" height=\"781\" data-id=\"11054\" src=\"https:\/\/www.lafresca.fm\/f-solosog\/2023\/12\/2o-Vicent-Guill-1170x781.jpg\" alt=\"\" class=\"wp-image-11054\" srcset=\"https:\/\/www.lafresca.fm\/f-solosog\/2023\/12\/2o-Vicent-Guill-1170x781.jpg 1170w, https:\/\/www.lafresca.fm\/f-solosog\/2023\/12\/2o-Vicent-Guill-770x514.jpg 770w, https:\/\/www.lafresca.fm\/f-solosog\/2023\/12\/2o-Vicent-Guill-768x512.jpg 768w, https:\/\/www.lafresca.fm\/f-solosog\/2023\/12\/2o-Vicent-Guill-1536x1025.jpg 1536w, https:\/\/www.lafresca.fm\/f-solosog\/2023\/12\/2o-Vicent-Guill-2048x1366.jpg 2048w\" sizes=\"(max-width: 1170px) 100vw, 1170px\" \/><\/figure>\n\n\n\n<figure class=\"wp-block-image size-large\"><img decoding=\"async\" width=\"1003\" height=\"1170\" data-id=\"11055\" src=\"https:\/\/www.lafresca.fm\/f-solosog\/2023\/12\/Local-Jose-Antonio-Guill-1003x1170.jpg\" alt=\"\" class=\"wp-image-11055\" srcset=\"https:\/\/www.lafresca.fm\/f-solosog\/2023\/12\/Local-Jose-Antonio-Guill-1003x1170.jpg 1003w, https:\/\/www.lafresca.fm\/f-solosog\/2023\/12\/Local-Jose-Antonio-Guill-660x770.jpg 660w, https:\/\/www.lafresca.fm\/f-solosog\/2023\/12\/Local-Jose-Antonio-Guill-768x896.jpg 768w, https:\/\/www.lafresca.fm\/f-solosog\/2023\/12\/Local-Jose-Antonio-Guill-1317x1536.jpg 1317w, https:\/\/www.lafresca.fm\/f-solosog\/2023\/12\/Local-Jose-Antonio-Guill-1756x2048.jpg 1756w\" sizes=\"(max-width: 1003px) 100vw, 1003px\" \/><\/figure>\n\n\n\n<figure class=\"wp-block-image size-large\"><img decoding=\"async\" width=\"1170\" height=\"780\" data-id=\"11053\" src=\"https:\/\/www.lafresca.fm\/f-solosog\/2023\/12\/1er-Carlos-Moles-1170x780.jpg\" alt=\"\" class=\"wp-image-11053\" srcset=\"https:\/\/www.lafresca.fm\/f-solosog\/2023\/12\/1er-Carlos-Moles-1170x780.jpg 1170w, https:\/\/www.lafresca.fm\/f-solosog\/2023\/12\/1er-Carlos-Moles-770x513.jpg 770w, https:\/\/www.lafresca.fm\/f-solosog\/2023\/12\/1er-Carlos-Moles-768x512.jpg 768w, https:\/\/www.lafresca.fm\/f-solosog\/2023\/12\/1er-Carlos-Moles-1536x1024.jpg 1536w, https:\/\/www.lafresca.fm\/f-solosog\/2023\/12\/1er-Carlos-Moles-2048x1365.jpg 2048w\" sizes=\"(max-width: 1170px) 100vw, 1170px\" \/><\/figure>\n\n\n\n<figure class=\"wp-block-image size-large\"><img loading=\"lazy\" decoding=\"async\" width=\"1170\" height=\"675\" data-id=\"11052\" src=\"https:\/\/www.lafresca.fm\/f-solosog\/2023\/12\/Imagen-del-jurado-1170x675.jpg\" alt=\"\" class=\"wp-image-11052\" srcset=\"https:\/\/www.lafresca.fm\/f-solosog\/2023\/12\/Imagen-del-jurado-1170x675.jpg 1170w, https:\/\/www.lafresca.fm\/f-solosog\/2023\/12\/Imagen-del-jurado-770x444.jpg 770w, https:\/\/www.lafresca.fm\/f-solosog\/2023\/12\/Imagen-del-jurado-768x443.jpg 768w, https:\/\/www.lafresca.fm\/f-solosog\/2023\/12\/Imagen-del-jurado-1536x886.jpg 1536w, https:\/\/www.lafresca.fm\/f-solosog\/2023\/12\/Imagen-del-jurado-2048x1181.jpg 2048w\" sizes=\"(max-width: 1170px) 100vw, 1170px\" \/><\/figure>\n<\/figure>\n\n\n\n<p><\/p>\n<script>function PlayerjsAsync(){} if(window[\"Playerjs\"]){PlayerjsAsync();}<\/script>","protected":false},"excerpt":{"rendered":"<p>El jurado est\u00e1 formado por Blas Carri\u00f3n Guardiola, Antonia Pentinat Ayelo y David Belda, actuando como secretario, Juan Carlos Cobacho El jurado del X Concurso de Fotograf\u00eda de la Vaca de Castalla 2023 dio a conocer, el pasado 5 de noviembre, a los premiados de este a\u00f1o. El acto, que ...<\/p>\n","protected":false},"author":2,"featured_media":11052,"comment_status":"closed","ping_status":"closed","sticky":false,"template":"","format":"standard","meta":{"_monsterinsights_skip_tracking":false,"_monsterinsights_sitenote_active":false,"_monsterinsights_sitenote_note":"","_monsterinsights_sitenote_category":0,"footnotes":""},"categories":[4],"tags":[144],"class_list":["post-11051","post","type-post","status-publish","format-standard","has-post-thumbnail","hentry","category-alicante","tag-castalla"],"aioseo_notices":[],"_links":{"self":[{"href":"https:\/\/www.lafresca.fm\/fresca-api-json\/wp\/v2\/posts\/11051","targetHints":{"allow":["GET"]}}],"collection":[{"href":"https:\/\/www.lafresca.fm\/fresca-api-json\/wp\/v2\/posts"}],"about":[{"href":"https:\/\/www.lafresca.fm\/fresca-api-json\/wp\/v2\/types\/post"}],"author":[{"embeddable":true,"href":"https:\/\/www.lafresca.fm\/fresca-api-json\/wp\/v2\/users\/2"}],"replies":[{"embeddable":true,"href":"https:\/\/www.lafresca.fm\/fresca-api-json\/wp\/v2\/comments?post=11051"}],"version-history":[{"count":1,"href":"https:\/\/www.lafresca.fm\/fresca-api-json\/wp\/v2\/posts\/11051\/revisions"}],"predecessor-version":[{"id":11056,"href":"https:\/\/www.lafresca.fm\/fresca-api-json\/wp\/v2\/posts\/11051\/revisions\/11056"}],"wp:featuredmedia":[{"embeddable":true,"href":"https:\/\/www.lafresca.fm\/fresca-api-json\/wp\/v2\/media\/11052"}],"wp:attachment":[{"href":"https:\/\/www.lafresca.fm\/fresca-api-json\/wp\/v2\/media?parent=11051"}],"wp:term":[{"taxonomy":"category","embeddable":true,"href":"https:\/\/www.lafresca.fm\/fresca-api-json\/wp\/v2\/categories?post=11051"},{"taxonomy":"post_tag","embeddable":true,"href":"https:\/\/www.lafresca.fm\/fresca-api-json\/wp\/v2\/tags?post=11051"}],"curies":[{"name":"wp","href":"https:\/\/api.w.org\/{rel}","templated":true}]}}