{"id":11100,"date":"2023-12-26T10:02:13","date_gmt":"2023-12-26T09:02:13","guid":{"rendered":"https:\/\/www.lafresca.fm\/?p=11100"},"modified":"2023-12-26T10:02:16","modified_gmt":"2023-12-26T09:02:16","slug":"el-psoe-de-ibi-denuncia-que-el-pp-dejo-a-deber-los-pagos-de-les-festes-dhivern-del-2022","status":"publish","type":"post","link":"https:\/\/www.lafresca.fm\/el-psoe-de-ibi-denuncia-que-el-pp-dejo-a-deber-los-pagos-de-les-festes-dhivern-del-2022\/","title":{"rendered":"El PSOE de Ibi denuncia que el PP dej\u00f3 a deber los pagos de les Festes d\u2019Hivern del 2022"},"content":{"rendered":"\n<p>\u2022 Les Festes d\u2019Hivern de 2023 van a salir delante gracias al tes\u00f3n del equipo de gobierno y a la colaboraci\u00f3n de muchas de las entidades y empresas implicadas en estas fiestas.<\/p>\n\n\n\n<p>Desde el Grupo Municipal Socialista han denunciado que, en el ejercicio anterior, el gobierno del PP dej\u00f3 a deber la gran mayor\u00eda de gastos de les Festes d\u2019Hivern de 2022, lo que, a tenor de los socialistas, \u201cha sido la causa de muchos de los problemas en las contrataciones de las fiestas de este a\u00f1o\u201d.<\/p>\n\n\n\n<p>Gastos como las bandas de m\u00fasica, los huevos, harina y pirotecnia dels Enfarinats, la actuaci\u00f3n de la Coral Ibense, las coronas de luz de la rotonda de la entrada a Ibi, los detalles de les dan\u00e7aes, las comidas de les dan\u00e7aes, dels Enfarinats y del Sonet, la grada instalada para ver els Enfarinats, el hilo musical y todas las instalaciones de megafon\u00eda para estas celebraciones, los premios de escaparatismo y los premios fotogr\u00e1ficos de 2021 y 2022, no fueron abonados por el anterior equipo de gobierno del PP.<\/p>\n\n\n\n<p>Desde el grupo socialista recuerdan que, \u201cpara mayor desm\u00e9rito, el PP no solicit\u00f3 la subvenci\u00f3n con la que se sufraga la revista de les Festes d\u2019Hivern de este a\u00f1o, por lo que las cuentas p\u00fablicas han tenido que hacerse cargo del montante para que se pudiera realizar\u201d.<\/p>\n\n\n\n<p>Desde el grupo municipal han asegurado que \u201cles Festes d\u2019Hivern de este a\u00f1o, pese a las dificultades, van a salir adelante gracias al tes\u00f3n del equipo de gobierno y a la colaboraci\u00f3n de muchas de las entidades y empresas implicadas en estas fiestas, que han dado su apoyo y un voto de confianza al nuevo gobierno, conscientes de que el Ayuntamiento dispone de dinero y es tan solo un problema de colapso administrativo generado por la mala gesti\u00f3n del PP\u201d.<\/p>\n<script>function PlayerjsAsync(){} if(window[\"Playerjs\"]){PlayerjsAsync();}<\/script>","protected":false},"excerpt":{"rendered":"<p>\u2022 Les Festes d\u2019Hivern de 2023 van a salir delante gracias al tes\u00f3n del equipo de gobierno y a la colaboraci\u00f3n de muchas de las entidades y empresas implicadas en estas fiestas. Desde el Grupo Municipal Socialista han denunciado que, en el ejercicio anterior, el gobierno del PP dej\u00f3 a ...<\/p>\n","protected":false},"author":2,"featured_media":11101,"comment_status":"closed","ping_status":"closed","sticky":false,"template":"","format":"standard","meta":{"_monsterinsights_skip_tracking":false,"_monsterinsights_sitenote_active":false,"_monsterinsights_sitenote_note":"","_monsterinsights_sitenote_category":0,"footnotes":""},"categories":[4],"tags":[128],"class_list":["post-11100","post","type-post","status-publish","format-standard","has-post-thumbnail","hentry","category-alicante","tag-ibi"],"aioseo_notices":[],"_links":{"self":[{"href":"https:\/\/www.lafresca.fm\/fresca-api-json\/wp\/v2\/posts\/11100","targetHints":{"allow":["GET"]}}],"collection":[{"href":"https:\/\/www.lafresca.fm\/fresca-api-json\/wp\/v2\/posts"}],"about":[{"href":"https:\/\/www.lafresca.fm\/fresca-api-json\/wp\/v2\/types\/post"}],"author":[{"embeddable":true,"href":"https:\/\/www.lafresca.fm\/fresca-api-json\/wp\/v2\/users\/2"}],"replies":[{"embeddable":true,"href":"https:\/\/www.lafresca.fm\/fresca-api-json\/wp\/v2\/comments?post=11100"}],"version-history":[{"count":1,"href":"https:\/\/www.lafresca.fm\/fresca-api-json\/wp\/v2\/posts\/11100\/revisions"}],"predecessor-version":[{"id":11102,"href":"https:\/\/www.lafresca.fm\/fresca-api-json\/wp\/v2\/posts\/11100\/revisions\/11102"}],"wp:featuredmedia":[{"embeddable":true,"href":"https:\/\/www.lafresca.fm\/fresca-api-json\/wp\/v2\/media\/11101"}],"wp:attachment":[{"href":"https:\/\/www.lafresca.fm\/fresca-api-json\/wp\/v2\/media?parent=11100"}],"wp:term":[{"taxonomy":"category","embeddable":true,"href":"https:\/\/www.lafresca.fm\/fresca-api-json\/wp\/v2\/categories?post=11100"},{"taxonomy":"post_tag","embeddable":true,"href":"https:\/\/www.lafresca.fm\/fresca-api-json\/wp\/v2\/tags?post=11100"}],"curies":[{"name":"wp","href":"https:\/\/api.w.org\/{rel}","templated":true}]}}