{"id":11182,"date":"2024-01-18T09:25:43","date_gmt":"2024-01-18T08:25:43","guid":{"rendered":"https:\/\/www.lafresca.fm\/?p=11182"},"modified":"2024-01-18T11:59:19","modified_gmt":"2024-01-18T10:59:19","slug":"sumem-onil-exige-la-intervencion-del-sindic-de-greuges-y-de-transparencia-en-el-consistorio","status":"publish","type":"post","link":"https:\/\/www.lafresca.fm\/sumem-onil-exige-la-intervencion-del-sindic-de-greuges-y-de-transparencia-en-el-consistorio\/","title":{"rendered":"SUMEM Onil exige la intervenci\u00f3n del S\u00edndic de Greuges y de Transpar\u00e8ncia en el consistorio"},"content":{"rendered":"\n<p>Las regidoras del grupo municipal de Sumem en el ayuntamiento de Onil, Susana Ortiz Pardo y Ver\u00f3nica V\u00edlchez Gim\u00e9nez, han comparecido ante el S\u00edndic de Greuges y el Consell de Transpar\u00e8ncia para expresar su profunda preocupaci\u00f3n por el persistente bloqueo en el acceso a la informaci\u00f3n necesaria para desarrollar el trabajo de oposici\u00f3n y fiscalizaci\u00f3n del equipo de gobierno municipal, formado por el Partido Popular.<\/p>\n\n\n\n<p>La transparencia en la gesti\u00f3n p\u00fablica es fundamental para mantener la confianza de la comunidad en las instituciones. Sin embargo, las representantes de Sumem Onil han experimentado, seg\u00fan han hecho p\u00fablico en un comunicado, obst\u00e1culos notables en sus esfuerzos para obtener datos y documentos relevantes necesarios para realizar las funciones como representantes electos, en este caso, en referencia a documentaci\u00f3n relacionada con las variables de n\u00f3mina de los trabajadores y trabajadoras del Ayuntamiento de Onil <\/p>\n\n\n\n<p>\u201cSe trata de una situaci\u00f3n que se arrastra desde la anterior legislatura (PSOE) y que todav\u00eda esperamos que se solucione\u201d comenta la regidora Ver\u00f3nica V\u00edlchez.<\/p>\n\n\n\n<p>Al respecto, Susana Ortiz, indica que \u201cllevamos esperando que se nos entreguen expedientes desde hace m\u00e1s de un a\u00f1o y medio, los cuales hemos reclamado en varias ocasiones\u201d.<\/p>\n\n\n\n<p>En un esfuerzo para garantizar la democracia local y la participaci\u00f3n ciudadana, las regidoras han agotado todos los canales internos disponibles para recibir la informaci\u00f3n requerida, sin obtener una respuesta satisfactoria ni la colaboraci\u00f3n necesaria del Ayuntamiento de Onil hasta la fecha de este escrito.<\/p>\n\n\n\n<p>Ante esta situaci\u00f3n, Sumem Onil, solicita encarecidamente la intervenci\u00f3n del S\u00edndic de Greuges y del Consell Valenci\u00e0 de Transpar\u00e8ncia para mediar en este asunto y asegurar el acceso a la informaci\u00f3n necesaria para el ejercicio adecuado de las responsabilidades como regidoras. Se conf\u00eda que el S\u00edndic y el Consell actuar\u00e1n como mediadores competentes, garantizando la resoluci\u00f3n justa y eficiente de esta situaci\u00f3n.<\/p>\n\n\n\n<p><\/p>\n<script>function PlayerjsAsync(){} if(window[\"Playerjs\"]){PlayerjsAsync();}<\/script>","protected":false},"excerpt":{"rendered":"<p>\u201cSe trata de una situaci\u00f3n que se arrastra desde la anterior legislatura (PSOE) y que todav\u00eda esperamos que se solucione\u201d comenta la regidora Ver\u00f3nica V\u00edlchez.<\/p>\n","protected":false},"author":2,"featured_media":11183,"comment_status":"closed","ping_status":"closed","sticky":false,"template":"","format":"standard","meta":{"_monsterinsights_skip_tracking":false,"_monsterinsights_sitenote_active":false,"_monsterinsights_sitenote_note":"","_monsterinsights_sitenote_category":0,"footnotes":""},"categories":[4],"tags":[133],"class_list":["post-11182","post","type-post","status-publish","format-standard","has-post-thumbnail","hentry","category-alicante","tag-onil"],"aioseo_notices":[],"_links":{"self":[{"href":"https:\/\/www.lafresca.fm\/fresca-api-json\/wp\/v2\/posts\/11182","targetHints":{"allow":["GET"]}}],"collection":[{"href":"https:\/\/www.lafresca.fm\/fresca-api-json\/wp\/v2\/posts"}],"about":[{"href":"https:\/\/www.lafresca.fm\/fresca-api-json\/wp\/v2\/types\/post"}],"author":[{"embeddable":true,"href":"https:\/\/www.lafresca.fm\/fresca-api-json\/wp\/v2\/users\/2"}],"replies":[{"embeddable":true,"href":"https:\/\/www.lafresca.fm\/fresca-api-json\/wp\/v2\/comments?post=11182"}],"version-history":[{"count":2,"href":"https:\/\/www.lafresca.fm\/fresca-api-json\/wp\/v2\/posts\/11182\/revisions"}],"predecessor-version":[{"id":11185,"href":"https:\/\/www.lafresca.fm\/fresca-api-json\/wp\/v2\/posts\/11182\/revisions\/11185"}],"wp:featuredmedia":[{"embeddable":true,"href":"https:\/\/www.lafresca.fm\/fresca-api-json\/wp\/v2\/media\/11183"}],"wp:attachment":[{"href":"https:\/\/www.lafresca.fm\/fresca-api-json\/wp\/v2\/media?parent=11182"}],"wp:term":[{"taxonomy":"category","embeddable":true,"href":"https:\/\/www.lafresca.fm\/fresca-api-json\/wp\/v2\/categories?post=11182"},{"taxonomy":"post_tag","embeddable":true,"href":"https:\/\/www.lafresca.fm\/fresca-api-json\/wp\/v2\/tags?post=11182"}],"curies":[{"name":"wp","href":"https:\/\/api.w.org\/{rel}","templated":true}]}}