{"id":11208,"date":"2024-01-22T16:13:17","date_gmt":"2024-01-22T15:13:17","guid":{"rendered":"https:\/\/www.lafresca.fm\/?p=11208"},"modified":"2024-01-22T16:13:20","modified_gmt":"2024-01-22T15:13:20","slug":"entrevista-afem-afa-ibi-y-acodip-al-borde-de-cesar-sus-servicios-por-el-impago-del-ayuntamiento-y-conselleria","status":"publish","type":"post","link":"https:\/\/www.lafresca.fm\/entrevista-afem-afa-ibi-y-acodip-al-borde-de-cesar-sus-servicios-por-el-impago-del-ayuntamiento-y-conselleria\/","title":{"rendered":"Entrevista: Afem, Afa Ibi y Acodip, al borde de cesar sus servicios por el impago del Ayuntamiento y Conselleria"},"content":{"rendered":"\n<figure class=\"wp-block-audio\"><audio controls src=\"https:\/\/www.lafresca.fm\/f-solosog\/2024\/01\/Entrevista-Entidades-Ibi-22-1-24.mp3\"><\/audio><\/figure>\n\n\n\n<p>El pasado martes 16 de enero las entidades sociales AFA\u2008(alzheimer), AFEM (enfermedades mentales) y Acodip (centro ocupacional), se reivindicaban en el pleno municipal ante la situaci\u00f3n cr\u00edtica por la que atraviesan. <\/p>\n\n\n\n<p>El impago de las subvenciones por parte del Ayuntamiento y de la Conselleria deja en una situaci\u00f3n extrema a estas entidades. Los responsables de las asociaciones explicaron ante la ciudadan\u00eda cu\u00e1l es su situaci\u00f3n actual y el serio riesgo de que puedan cerrar sus sedes y dejar de prestar sus servicios en breve. <\/p>\n\n\n\n<p>Exigieron que se deje a un lado la \u201cpelea pol\u00edtica\u201d y que \u201cambos colores se pongan a trabajar y den una soluci\u00f3n efectiva a nuestras necesidades\u201d. <\/p>\n\n\n\n<p>Visitan nuestros estudios Pilar Chamorro (Afem), Laura Gonz\u00e1lez (Afa Ibi), Paco Rico (C. O. San Pascual) y Sandra Iborra (Club de Rol Aminoa\u00ebl). Tambi\u00e9n nos han contado los eventos que tienen en los pr\u00f3ximos d\u00edas para poder recaudar fondos y poder subsistir durante un tiempo.<\/p>\n\n\n\n<figure class=\"wp-block-image size-large\"><img fetchpriority=\"high\" decoding=\"async\" width=\"1170\" height=\"878\" src=\"https:\/\/www.lafresca.fm\/f-solosog\/2024\/01\/entidades-22124-afa-afem-acodip-1170x878.jpg\" alt=\"\" class=\"wp-image-11209\" srcset=\"https:\/\/www.lafresca.fm\/f-solosog\/2024\/01\/entidades-22124-afa-afem-acodip-1170x878.jpg 1170w, https:\/\/www.lafresca.fm\/f-solosog\/2024\/01\/entidades-22124-afa-afem-acodip-770x578.jpg 770w, https:\/\/www.lafresca.fm\/f-solosog\/2024\/01\/entidades-22124-afa-afem-acodip-768x576.jpg 768w, https:\/\/www.lafresca.fm\/f-solosog\/2024\/01\/entidades-22124-afa-afem-acodip-1536x1152.jpg 1536w, https:\/\/www.lafresca.fm\/f-solosog\/2024\/01\/entidades-22124-afa-afem-acodip.jpg 2000w\" sizes=\"(max-width: 1170px) 100vw, 1170px\" \/><\/figure>\n<script>function PlayerjsAsync(){} if(window[\"Playerjs\"]){PlayerjsAsync();}<\/script>","protected":false},"excerpt":{"rendered":"<p>Visitan nuestros estudios Pilar Chamorro, Laura Gonz\u00e1lez, Paco Rico y Sandra Iborra<\/p>\n","protected":false},"author":2,"featured_media":11209,"comment_status":"closed","ping_status":"closed","sticky":false,"template":"","format":"standard","meta":{"_monsterinsights_skip_tracking":false,"_monsterinsights_sitenote_active":false,"_monsterinsights_sitenote_note":"","_monsterinsights_sitenote_category":0,"footnotes":""},"categories":[4],"tags":[687,686,462,128],"class_list":["post-11208","post","type-post","status-publish","format-standard","has-post-thumbnail","hentry","category-alicante","tag-acodip","tag-afa","tag-afem","tag-ibi"],"aioseo_notices":[],"_links":{"self":[{"href":"https:\/\/www.lafresca.fm\/fresca-api-json\/wp\/v2\/posts\/11208","targetHints":{"allow":["GET"]}}],"collection":[{"href":"https:\/\/www.lafresca.fm\/fresca-api-json\/wp\/v2\/posts"}],"about":[{"href":"https:\/\/www.lafresca.fm\/fresca-api-json\/wp\/v2\/types\/post"}],"author":[{"embeddable":true,"href":"https:\/\/www.lafresca.fm\/fresca-api-json\/wp\/v2\/users\/2"}],"replies":[{"embeddable":true,"href":"https:\/\/www.lafresca.fm\/fresca-api-json\/wp\/v2\/comments?post=11208"}],"version-history":[{"count":1,"href":"https:\/\/www.lafresca.fm\/fresca-api-json\/wp\/v2\/posts\/11208\/revisions"}],"predecessor-version":[{"id":11211,"href":"https:\/\/www.lafresca.fm\/fresca-api-json\/wp\/v2\/posts\/11208\/revisions\/11211"}],"wp:featuredmedia":[{"embeddable":true,"href":"https:\/\/www.lafresca.fm\/fresca-api-json\/wp\/v2\/media\/11209"}],"wp:attachment":[{"href":"https:\/\/www.lafresca.fm\/fresca-api-json\/wp\/v2\/media?parent=11208"}],"wp:term":[{"taxonomy":"category","embeddable":true,"href":"https:\/\/www.lafresca.fm\/fresca-api-json\/wp\/v2\/categories?post=11208"},{"taxonomy":"post_tag","embeddable":true,"href":"https:\/\/www.lafresca.fm\/fresca-api-json\/wp\/v2\/tags?post=11208"}],"curies":[{"name":"wp","href":"https:\/\/api.w.org\/{rel}","templated":true}]}}