{"id":11254,"date":"2024-02-02T12:24:19","date_gmt":"2024-02-02T11:24:19","guid":{"rendered":"https:\/\/www.lafresca.fm\/?p=11254"},"modified":"2024-02-02T12:24:22","modified_gmt":"2024-02-02T11:24:22","slug":"lidl-abrira-el-viernes-16-de-febrero-su-nuevo-supermercado-de-1-500-m2-en-ibi","status":"publish","type":"post","link":"https:\/\/www.lafresca.fm\/lidl-abrira-el-viernes-16-de-febrero-su-nuevo-supermercado-de-1-500-m2-en-ibi\/","title":{"rendered":"LIDL abrir\u00e1 el viernes 16 de febrero su nuevo supermercado de 1.500 m2 en Ibi"},"content":{"rendered":"\n<p>La cadena de supermercados\u00a0<strong><a href=\"https:\/\/www.lidl.es\/\" title=\"\">Lidl<\/a>\u00a0<\/strong>sigue dando grandes pasos en su objetivo de acercar m\u00e1s al consumidor espa\u00f1ol, ganando terreno y creciendo de manera\u00a0sostenida y sostenible en todo el territorio con la puesta en marcha de nuevas tiendas modernas y eficientes. La compa\u00f1\u00eda invertir\u00e1\u00a0m\u00e1s de 16 M\u20ac y crear\u00e1 m\u00e1s de 60 empleos estables y de calidad gracias a la apertura de cuatro establecimientos ubicados en Dos Hermanas (Andaluc\u00eda), Ibi (Comunidad Valenciana), Colmenar Viejo (Comunidad de Madrid) y Arrecife (Islas Canarias), ascendiendo aproximadamente a\u00a0 5.800 m<sup>2<\/sup>\u00a0de superficie comercial entre todos ellos.<\/p>\n\n\n\n<p><strong>Ibi (Alicante)<\/strong><br>La cadena de supermercados estrenar\u00e1 el pr\u00f3ximo 16 de febrero un establecimiento en Ibi (Avda. de la Industria, 39). \u00c9ste contar\u00e1 con unos 1.500 m<sup>2<\/sup>\u00a0de sala de ventas y en torno a 190 plazas de aparcamiento para facilitar al m\u00e1ximo las compras de sus clientes, en un horario comercial de 9.00 a 21.30h de lunes a s\u00e1bado.<\/p>\n\n\n\n<figure class=\"wp-block-image size-full\"><img fetchpriority=\"high\" decoding=\"async\" width=\"680\" height=\"306\" src=\"https:\/\/www.lafresca.fm\/f-solosog\/2024\/02\/20240121_113949.jpg\" alt=\"\" class=\"wp-image-11255\"\/><\/figure>\n\n\n\n<p>Las\u00a0aperturas permiten a\u00a0Lidl\u00a0seguir desarrollando\u00a0su plan de expansi\u00f3n sostenible, en el que durante su ejercicio fiscal 2023 (comprendido entre el 01\/03\/2023 y el 29\/02\/2024) prev\u00e9 invertir unos\u00a0230 M\u20ac\u00a0para poner en marcha una veintena de establecimientos y ampliar su actual infraestructura log\u00edstica a escala nacional. Hace poco\u00a0la compa\u00f1\u00eda ha inaugurado un almac\u00e9n en Esc\u00fazar (Granada) tras destinar\u00a088 M\u20ac y crear 250 nuevos puestos de trabajo, y en los pr\u00f3ximos a\u00f1os pasar\u00e1 a contar con otros cuatro en Martorell (Barcelona), Parla (Madrid), Constant\u00ed (Tarragona) y Villadangos del P\u00e1ramo (Le\u00f3n).<\/p>\n\n\n\n<h2 class=\"wp-block-heading\"><strong>Impacto de Lidl en Espa\u00f1a<\/strong><\/h2>\n\n\n\n<p>Al d\u00eda de hoy, el impacto de\u00a0Lidl\u00a0en Espa\u00f1a ya ha generado\u00a0cerca de\u00a08.200 M\u20ac\u00a0anuales aportados al\u00a0PIB (un 0,68% del total) y m\u00e1s de 172.000 empleos directos, indirectos e inducidos generados (un 0,84% del total), seg\u00fan datos de\u00a0<a href=\"https:\/\/www.pwc.es\/\" target=\"_blank\" rel=\"noreferrer noopener\">PwC<\/a>.<\/p>\n\n\n\n<p>En el camino a&nbsp;consolidarse como una de las&nbsp;principales empresas generadoras de riqueza y puestos de trabajo en todo el pa\u00eds,&nbsp;<strong>Lidl<\/strong>&nbsp;ha logrado incrementar m\u00e1s de un 80% y en torno a un 70% su impacto sobre el PIB y el empleo nacionales en el periodo 2016-2022.<\/p>\n<script>function PlayerjsAsync(){} if(window[\"Playerjs\"]){PlayerjsAsync();}<\/script>","protected":false},"excerpt":{"rendered":"<p>La cadena de supermercados estrenar\u00e1 el pr\u00f3ximo 16 de febrero un establecimiento en Ibi (Avda. de la Industria, 39).<\/p>\n","protected":false},"author":2,"featured_media":11255,"comment_status":"closed","ping_status":"closed","sticky":false,"template":"","format":"standard","meta":{"_monsterinsights_skip_tracking":false,"_monsterinsights_sitenote_active":false,"_monsterinsights_sitenote_note":"","_monsterinsights_sitenote_category":0,"footnotes":""},"categories":[4],"tags":[128,690],"class_list":["post-11254","post","type-post","status-publish","format-standard","has-post-thumbnail","hentry","category-alicante","tag-ibi","tag-lidl"],"aioseo_notices":[],"_links":{"self":[{"href":"https:\/\/www.lafresca.fm\/fresca-api-json\/wp\/v2\/posts\/11254","targetHints":{"allow":["GET"]}}],"collection":[{"href":"https:\/\/www.lafresca.fm\/fresca-api-json\/wp\/v2\/posts"}],"about":[{"href":"https:\/\/www.lafresca.fm\/fresca-api-json\/wp\/v2\/types\/post"}],"author":[{"embeddable":true,"href":"https:\/\/www.lafresca.fm\/fresca-api-json\/wp\/v2\/users\/2"}],"replies":[{"embeddable":true,"href":"https:\/\/www.lafresca.fm\/fresca-api-json\/wp\/v2\/comments?post=11254"}],"version-history":[{"count":1,"href":"https:\/\/www.lafresca.fm\/fresca-api-json\/wp\/v2\/posts\/11254\/revisions"}],"predecessor-version":[{"id":11256,"href":"https:\/\/www.lafresca.fm\/fresca-api-json\/wp\/v2\/posts\/11254\/revisions\/11256"}],"wp:featuredmedia":[{"embeddable":true,"href":"https:\/\/www.lafresca.fm\/fresca-api-json\/wp\/v2\/media\/11255"}],"wp:attachment":[{"href":"https:\/\/www.lafresca.fm\/fresca-api-json\/wp\/v2\/media?parent=11254"}],"wp:term":[{"taxonomy":"category","embeddable":true,"href":"https:\/\/www.lafresca.fm\/fresca-api-json\/wp\/v2\/categories?post=11254"},{"taxonomy":"post_tag","embeddable":true,"href":"https:\/\/www.lafresca.fm\/fresca-api-json\/wp\/v2\/tags?post=11254"}],"curies":[{"name":"wp","href":"https:\/\/api.w.org\/{rel}","templated":true}]}}