{"id":11266,"date":"2024-02-06T08:28:20","date_gmt":"2024-02-06T07:28:20","guid":{"rendered":"https:\/\/www.lafresca.fm\/?p=11266"},"modified":"2024-02-06T08:28:23","modified_gmt":"2024-02-06T07:28:23","slug":"la-solidaridad-de-onil-llega-a-aspanion-con-la-entrega-de-mas-de-150-juguetes-para-los-ninos-con-cancer","status":"publish","type":"post","link":"https:\/\/www.lafresca.fm\/la-solidaridad-de-onil-llega-a-aspanion-con-la-entrega-de-mas-de-150-juguetes-para-los-ninos-con-cancer\/","title":{"rendered":"La solidaridad de Onil llega a ASPANION con la entrega de m\u00e1s de 150 juguetes para los ni\u00f1os con c\u00e1ncer"},"content":{"rendered":"\n<ul class=\"wp-block-list\">\n<li>Una veintena de familias acudieron a esta jornada con la que adem\u00e1s se logra visibilizar el c\u00e1ncer infantil y sensibilizar a la poblaci\u00f3n<\/li>\n<\/ul>\n\n\n\n<p>La sede de ASPANION en Alicante ha acogido este fin de semana el acto de entrega de juguetes del Despertar de los Reyes Magos de Onil 2024, una acci\u00f3n solidaria que involucra a todo el pueblo de Onil en la que los Reyes Magos, a su vuelta a Oriente, dejan los regalos donados por las familias en la asociaci\u00f3n elegida. Este a\u00f1o la parada ha sido en la Asociaci\u00f3n de Madres y Padres de Ni\u00f1as y Ni\u00f1os con C\u00e1ncer de la Comunidad Valenciana, para llenar de ilusi\u00f3n a menores afectados por la enfermedad.<\/p>\n\n\n\n<p>Al acto acudieron una treintena de familias afectadas por el c\u00e1ncer infantil y estuvieron acompa\u00f1adas por el vicepresidente de ASPANION, Alejandro L\u00f3pez, la concejala de Fiestas de Onil, Rosana Silvestre, el concejal de Turismo, Rub\u00e9n Garrido y representantes del Despertar de los Reyes Magos. El vicepresidente de ASPANION, Alejandro L\u00f3pez ha se\u00f1alado que \u201cesta es una acci\u00f3n muy bonita en la que se sensibiliza a los ni\u00f1os y ni\u00f1as de Onil porque se les hace part\u00edcipes de la importancia de colaborar con causas sociales\u201d. Por su parte la presidenta de la Asociaci\u00f3n Reyes Magos de Onil, Mar\u00eda Sanch\u00eds ha explicado que \u201ccon este acto lo que queremos es llenar de magia e ilusi\u00f3n a estos ni\u00f1os para que sus ingresos y procesos de enfermedad sean m\u00e1s amenos\u201d.<\/p>\n\n\n\n<p>Durante esta jornada de solidaridad, los organizadores explicaron a los presentes que \u201ctodos los regalos los donan las ni\u00f1as y ni\u00f1os de Onil, que tras despertar a los Reyes entregan un juguete cada uno para hacerlo llegar a la asociaci\u00f3n\u201d.<\/p>\n\n\n\n<figure class=\"wp-block-image size-large\"><img fetchpriority=\"high\" decoding=\"async\" width=\"1170\" height=\"878\" src=\"https:\/\/www.lafresca.fm\/f-solosog\/2024\/02\/8aed6315-ba4c-4754-9a55-7de65e1d3a4e-1170x878.jpeg\" alt=\"\" class=\"wp-image-11267\" srcset=\"https:\/\/www.lafresca.fm\/f-solosog\/2024\/02\/8aed6315-ba4c-4754-9a55-7de65e1d3a4e-1170x878.jpeg 1170w, https:\/\/www.lafresca.fm\/f-solosog\/2024\/02\/8aed6315-ba4c-4754-9a55-7de65e1d3a4e-770x578.jpeg 770w, https:\/\/www.lafresca.fm\/f-solosog\/2024\/02\/8aed6315-ba4c-4754-9a55-7de65e1d3a4e-768x576.jpeg 768w, https:\/\/www.lafresca.fm\/f-solosog\/2024\/02\/8aed6315-ba4c-4754-9a55-7de65e1d3a4e-1536x1152.jpeg 1536w, https:\/\/www.lafresca.fm\/f-solosog\/2024\/02\/8aed6315-ba4c-4754-9a55-7de65e1d3a4e.jpeg 2048w\" sizes=\"(max-width: 1170px) 100vw, 1170px\" \/><\/figure>\n\n\n\n<p><strong>Sobre ASPANION<\/strong><\/p>\n\n\n\n<p>Fueron familias afectadas por la enfermedad de sus hijas e hijos las que fundaron ASPANION en 1985. La entidad aglutina en la actualidad m\u00e1s de 4800 personas asociadas y ha atendido a un total de 2245 familias durante 2022.<\/p>\n\n\n\n<p>El trabajo de la Asociaci\u00f3n busca mejorar la calidad de vida de los menores afectados y de sus familias. Mantiene pisos de acogida para las familias que necesitan permanecer cerca de sus hijos durante los ingresos hospitalarios. Tambi\u00e9n presta apoyo social, emocional, psicol\u00f3gico, asesoramiento y actividades de ocio y tiempo libre.<\/p>\n<script>function PlayerjsAsync(){} if(window[\"Playerjs\"]){PlayerjsAsync();}<\/script>","protected":false},"excerpt":{"rendered":"<p>Una veintena de familias acudieron a esta jornada con la que adem\u00e1s se logra visibilizar el c\u00e1ncer infantil y sensibilizar a la poblaci\u00f3n<\/p>\n","protected":false},"author":2,"featured_media":11267,"comment_status":"closed","ping_status":"closed","sticky":false,"template":"","format":"standard","meta":{"_monsterinsights_skip_tracking":false,"_monsterinsights_sitenote_active":false,"_monsterinsights_sitenote_note":"","_monsterinsights_sitenote_category":0,"footnotes":""},"categories":[4],"tags":[691,133],"class_list":["post-11266","post","type-post","status-publish","format-standard","has-post-thumbnail","hentry","category-alicante","tag-aspanion","tag-onil"],"aioseo_notices":[],"_links":{"self":[{"href":"https:\/\/www.lafresca.fm\/fresca-api-json\/wp\/v2\/posts\/11266","targetHints":{"allow":["GET"]}}],"collection":[{"href":"https:\/\/www.lafresca.fm\/fresca-api-json\/wp\/v2\/posts"}],"about":[{"href":"https:\/\/www.lafresca.fm\/fresca-api-json\/wp\/v2\/types\/post"}],"author":[{"embeddable":true,"href":"https:\/\/www.lafresca.fm\/fresca-api-json\/wp\/v2\/users\/2"}],"replies":[{"embeddable":true,"href":"https:\/\/www.lafresca.fm\/fresca-api-json\/wp\/v2\/comments?post=11266"}],"version-history":[{"count":1,"href":"https:\/\/www.lafresca.fm\/fresca-api-json\/wp\/v2\/posts\/11266\/revisions"}],"predecessor-version":[{"id":11268,"href":"https:\/\/www.lafresca.fm\/fresca-api-json\/wp\/v2\/posts\/11266\/revisions\/11268"}],"wp:featuredmedia":[{"embeddable":true,"href":"https:\/\/www.lafresca.fm\/fresca-api-json\/wp\/v2\/media\/11267"}],"wp:attachment":[{"href":"https:\/\/www.lafresca.fm\/fresca-api-json\/wp\/v2\/media?parent=11266"}],"wp:term":[{"taxonomy":"category","embeddable":true,"href":"https:\/\/www.lafresca.fm\/fresca-api-json\/wp\/v2\/categories?post=11266"},{"taxonomy":"post_tag","embeddable":true,"href":"https:\/\/www.lafresca.fm\/fresca-api-json\/wp\/v2\/tags?post=11266"}],"curies":[{"name":"wp","href":"https:\/\/api.w.org\/{rel}","templated":true}]}}