{"id":11290,"date":"2024-02-08T16:03:57","date_gmt":"2024-02-08T15:03:57","guid":{"rendered":"https:\/\/www.lafresca.fm\/?p=11290"},"modified":"2024-02-08T16:03:59","modified_gmt":"2024-02-08T15:03:59","slug":"el-pleno-del-ayuntamiento-de-ibi-aprueba-el-primer-plan-de-actuacion-municipal-ante-el-riesgo-de-inundaciones","status":"publish","type":"post","link":"https:\/\/www.lafresca.fm\/el-pleno-del-ayuntamiento-de-ibi-aprueba-el-primer-plan-de-actuacion-municipal-ante-el-riesgo-de-inundaciones\/","title":{"rendered":"El pleno del Ayuntamiento de Ibi aprueba el primer Plan de Actuaci\u00f3n Municipal ante el Riesgo de Inundaciones"},"content":{"rendered":"\n<p>El PAMRI es de obligado cumplimiento por parte de las localidades<\/p>\n\n\n\n<p>El Ayuntamiento de Ibi aprob\u00f3, con el voto a favor de todos los grupos que componen la Corporaci\u00f3n, salvo el grupo municipal VOX, en el Pleno ordinario de ayer martes, 6 de febrero, el PAMRI (Plan de Actuaci\u00f3n Municipal ante el Riesgo de Inundaciones de Ibi).<\/p>\n\n\n\n<p>El PAMRI estudia las infraestructuras, v\u00edas de comunicaci\u00f3n, cuencas y subcuencas, infraestructuras de abastecimiento de agua potable, saneamientos y encauzamientos de rambla urbana y tiene como finalidad conseguir la m\u00e1xima protecci\u00f3n para personas, bienes y medio ambiente, ocasionada por posibles inundaciones.<\/p>\n\n\n\n<p>Para la elaboraci\u00f3n del PAMRI de Ibi se han tenido en cuenta variables tales como las inundaciones hist\u00f3ricas de la localidad, las zonas de inundaci\u00f3n asociados a periodos de retorno, los puntos cr\u00edticos ante el riesgo de inundaci\u00f3n, teniendo en cuenta los pasos de agua, posibles desbordamientos y anegamientos de la red, as\u00ed como los caminos y v\u00edas de la poblaci\u00f3n.<\/p>\n\n\n\n<p>Por otra parte, los informes de peligrosidad de PATRICOVA (Plan de Acci\u00f3n Territorial de Car\u00e1cter Sectorial sobre la Prevenci\u00f3n de Riesgo de Inundaci\u00f3n en la Comunidad Valenciana) afirman que, teniendo en cuenta la orograf\u00eda del municipio, la probabilidad de inundaciones en Ibi es de frecuencia baja, aunque se deben tener en cuenta los abanicos torrenciales, vaguadas y barrancos. El Plan deja constancia de que el t\u00e9rmino municipal no est\u00e1 afectado por la llegada de frente y avenida, aver\u00eda grave o rotura de presa pero, el casco urbano s\u00ed presenta diferentes afecciones por inundaci\u00f3n y peligrosidad geomorfol\u00f3gica seg\u00fan los estudios del SNCZI y PATRICOVA.<\/p>\n\n\n\n<p>El plan, adem\u00e1s, contiene el procedimiento de actuaci\u00f3n ante las diferentes casu\u00edsticas que nos podemos encontrar, la estructura y organizaci\u00f3n de la gesti\u00f3n ante emergencia, as\u00ed como los pasos a seguir para la vuelta a la normalidad ante situaciones de emergencia.<\/p>\n<script>function PlayerjsAsync(){} if(window[\"Playerjs\"]){PlayerjsAsync();}<\/script>","protected":false},"excerpt":{"rendered":"<p>El PAMRI es de obligado cumplimiento por parte de las localidades<\/p>\n","protected":false},"author":2,"featured_media":11291,"comment_status":"closed","ping_status":"closed","sticky":false,"template":"","format":"standard","meta":{"_monsterinsights_skip_tracking":false,"_monsterinsights_sitenote_active":false,"_monsterinsights_sitenote_note":"","_monsterinsights_sitenote_category":0,"footnotes":""},"categories":[4],"tags":[128],"class_list":["post-11290","post","type-post","status-publish","format-standard","has-post-thumbnail","hentry","category-alicante","tag-ibi"],"aioseo_notices":[],"_links":{"self":[{"href":"https:\/\/www.lafresca.fm\/fresca-api-json\/wp\/v2\/posts\/11290","targetHints":{"allow":["GET"]}}],"collection":[{"href":"https:\/\/www.lafresca.fm\/fresca-api-json\/wp\/v2\/posts"}],"about":[{"href":"https:\/\/www.lafresca.fm\/fresca-api-json\/wp\/v2\/types\/post"}],"author":[{"embeddable":true,"href":"https:\/\/www.lafresca.fm\/fresca-api-json\/wp\/v2\/users\/2"}],"replies":[{"embeddable":true,"href":"https:\/\/www.lafresca.fm\/fresca-api-json\/wp\/v2\/comments?post=11290"}],"version-history":[{"count":1,"href":"https:\/\/www.lafresca.fm\/fresca-api-json\/wp\/v2\/posts\/11290\/revisions"}],"predecessor-version":[{"id":11292,"href":"https:\/\/www.lafresca.fm\/fresca-api-json\/wp\/v2\/posts\/11290\/revisions\/11292"}],"wp:featuredmedia":[{"embeddable":true,"href":"https:\/\/www.lafresca.fm\/fresca-api-json\/wp\/v2\/media\/11291"}],"wp:attachment":[{"href":"https:\/\/www.lafresca.fm\/fresca-api-json\/wp\/v2\/media?parent=11290"}],"wp:term":[{"taxonomy":"category","embeddable":true,"href":"https:\/\/www.lafresca.fm\/fresca-api-json\/wp\/v2\/categories?post=11290"},{"taxonomy":"post_tag","embeddable":true,"href":"https:\/\/www.lafresca.fm\/fresca-api-json\/wp\/v2\/tags?post=11290"}],"curies":[{"name":"wp","href":"https:\/\/api.w.org\/{rel}","templated":true}]}}