{"id":11307,"date":"2024-02-09T16:01:50","date_gmt":"2024-02-09T15:01:50","guid":{"rendered":"https:\/\/www.lafresca.fm\/?p=11307"},"modified":"2024-02-09T16:01:52","modified_gmt":"2024-02-09T15:01:52","slug":"entrevista-antonio-palazon-inspector-jefe-de-la-policia-local-de-onil-campana-de-velocidad-en-casco-urbano","status":"publish","type":"post","link":"https:\/\/www.lafresca.fm\/entrevista-antonio-palazon-inspector-jefe-de-la-policia-local-de-onil-campana-de-velocidad-en-casco-urbano\/","title":{"rendered":"Entrevista: Antonio Palaz\u00f3n, Inspector Jefe de la Polic\u00eda Local de Onil &#8211; Campa\u00f1a de Velocidad en Casco Urbano"},"content":{"rendered":"\n<figure class=\"wp-block-audio\"><audio controls src=\"https:\/\/www.lafresca.fm\/f-solosog\/2024\/02\/Entrevista-Antonio-Palazon-9-2-24-ok.mp3\"><\/audio><\/figure>\n\n\n\n<p>Entrevista con Antonio Palaz\u00f3n, Inspector Jefe de la Polic\u00eda Local de Onil. Tratamos diferentes cuestiones, como por ejemplo, la campa\u00f1a y control de prevenci\u00f3n de la velocidad excesiva en la conducci\u00f3n, adem\u00e1s de las \u00faltimas actuaciones por parte del cuerpo. <\/p>\n\n\n\n<p><strong>Campa\u00f1a y control de prevenci\u00f3n de la velocidad<\/strong><\/p>\n\n\n\n<p>Durante este mes de febrero, se est\u00e1n realizando controles de velocidad por el casco urbano de Onil, debido a que la velocidad es un factor clave en la siniestralidad de los accidentes de tr\u00e1fico. Palaz\u00f3n, ha trasladado un mensaje a la ciudadan\u00eda para tomar conciencia sobre la importancia de respetar los l\u00edmites de velocidad. Las sanciones oscilan entre los 100 a los 600 euros de multa y retirada de hasta 6 puntos del permiso de conducci\u00f3n, pudiendo llegar hasta la calificaci\u00f3n de un delito del Art. 379 del CP con\u00a0 pena de prisi\u00f3n.<\/p>\n\n\n\n<figure class=\"wp-block-gallery has-nested-images columns-default is-cropped wp-block-gallery-1 is-layout-flex wp-block-gallery-is-layout-flex\">\n<figure class=\"wp-block-image size-large\"><img fetchpriority=\"high\" decoding=\"async\" width=\"1170\" height=\"659\" data-id=\"11310\" src=\"https:\/\/www.lafresca.fm\/f-solosog\/2024\/02\/contro-poli-2-1170x659.jpg\" alt=\"\" class=\"wp-image-11310\" srcset=\"https:\/\/www.lafresca.fm\/f-solosog\/2024\/02\/contro-poli-2-1170x659.jpg 1170w, https:\/\/www.lafresca.fm\/f-solosog\/2024\/02\/contro-poli-2-770x434.jpg 770w, https:\/\/www.lafresca.fm\/f-solosog\/2024\/02\/contro-poli-2-768x432.jpg 768w, https:\/\/www.lafresca.fm\/f-solosog\/2024\/02\/contro-poli-2-1536x865.jpg 1536w, https:\/\/www.lafresca.fm\/f-solosog\/2024\/02\/contro-poli-2.jpg 2000w\" sizes=\"(max-width: 1170px) 100vw, 1170px\" \/><\/figure>\n<\/figure>\n<script>function PlayerjsAsync(){} if(window[\"Playerjs\"]){PlayerjsAsync();}<\/script>","protected":false},"excerpt":{"rendered":"<p>Campa\u00f1a y control de velocidad y \u00faltimas actuaciones por parte del cuerpo<\/p>\n","protected":false},"author":2,"featured_media":11309,"comment_status":"closed","ping_status":"closed","sticky":false,"template":"","format":"standard","meta":{"_monsterinsights_skip_tracking":false,"_monsterinsights_sitenote_active":false,"_monsterinsights_sitenote_note":"","_monsterinsights_sitenote_category":0,"footnotes":""},"categories":[4],"tags":[133,346],"class_list":["post-11307","post","type-post","status-publish","format-standard","has-post-thumbnail","hentry","category-alicante","tag-onil","tag-policia-onil-2"],"aioseo_notices":[],"_links":{"self":[{"href":"https:\/\/www.lafresca.fm\/fresca-api-json\/wp\/v2\/posts\/11307","targetHints":{"allow":["GET"]}}],"collection":[{"href":"https:\/\/www.lafresca.fm\/fresca-api-json\/wp\/v2\/posts"}],"about":[{"href":"https:\/\/www.lafresca.fm\/fresca-api-json\/wp\/v2\/types\/post"}],"author":[{"embeddable":true,"href":"https:\/\/www.lafresca.fm\/fresca-api-json\/wp\/v2\/users\/2"}],"replies":[{"embeddable":true,"href":"https:\/\/www.lafresca.fm\/fresca-api-json\/wp\/v2\/comments?post=11307"}],"version-history":[{"count":1,"href":"https:\/\/www.lafresca.fm\/fresca-api-json\/wp\/v2\/posts\/11307\/revisions"}],"predecessor-version":[{"id":11311,"href":"https:\/\/www.lafresca.fm\/fresca-api-json\/wp\/v2\/posts\/11307\/revisions\/11311"}],"wp:featuredmedia":[{"embeddable":true,"href":"https:\/\/www.lafresca.fm\/fresca-api-json\/wp\/v2\/media\/11309"}],"wp:attachment":[{"href":"https:\/\/www.lafresca.fm\/fresca-api-json\/wp\/v2\/media?parent=11307"}],"wp:term":[{"taxonomy":"category","embeddable":true,"href":"https:\/\/www.lafresca.fm\/fresca-api-json\/wp\/v2\/categories?post=11307"},{"taxonomy":"post_tag","embeddable":true,"href":"https:\/\/www.lafresca.fm\/fresca-api-json\/wp\/v2\/tags?post=11307"}],"curies":[{"name":"wp","href":"https:\/\/api.w.org\/{rel}","templated":true}]}}