{"id":11315,"date":"2024-02-09T16:45:06","date_gmt":"2024-02-09T15:45:06","guid":{"rendered":"https:\/\/www.lafresca.fm\/?p=11315"},"modified":"2024-02-09T16:45:08","modified_gmt":"2024-02-09T15:45:08","slug":"la-patronal-indus-trial-ibiae-se-reune-con-el-alcalde-de-onil-para-tratar-las-inquietudes-que-plantea-el-tejido-empresarial","status":"publish","type":"post","link":"https:\/\/www.lafresca.fm\/la-patronal-indus-trial-ibiae-se-reune-con-el-alcalde-de-onil-para-tratar-las-inquietudes-que-plantea-el-tejido-empresarial\/","title":{"rendered":"La Patronal Indus trial IBIAE se re\u00fane con el alcalde de Onil para tratar las inquietudes que plantea el tejido empresarial"},"content":{"rendered":"\n<p>El director de<strong>&nbsp;IBIAE<\/strong>,&nbsp;<strong>H\u00e9ctor Torrente<\/strong>, y&nbsp;<strong>Jaume Berenguer<\/strong>, alcalde de&nbsp;<strong>Onil<\/strong>, mantienen reuniones peri\u00f3dicas en las que tratan cuestiones de relevancia para las empresas industriales del municipio y buscar as\u00ed soluciones a las inquietudes que plantea el tejido empresarial.<\/p>\n\n\n\n<p>En las \u00faltimas reuniones\u00a0<strong>IBIAE<\/strong>\u00a0ha trasladado las necesidades de los<strong>\u00a0pol\u00edgonos industriales<\/strong>, puesto que\u00a0<strong>IVACE<\/strong>\u00a0ha publicado una l\u00ednea de ayudas para estos espacios en los que realizan sus actividades las empresas.<\/p>\n\n\n\n<figure class=\"wp-block-image size-full\"><img fetchpriority=\"high\" decoding=\"async\" width=\"998\" height=\"666\" src=\"https:\/\/www.lafresca.fm\/f-solosog\/2024\/02\/IBIAE-ONIL-PORTADA-ENERO-2024.jpg\" alt=\"\" class=\"wp-image-11316\" srcset=\"https:\/\/www.lafresca.fm\/f-solosog\/2024\/02\/IBIAE-ONIL-PORTADA-ENERO-2024.jpg 998w, https:\/\/www.lafresca.fm\/f-solosog\/2024\/02\/IBIAE-ONIL-PORTADA-ENERO-2024-770x514.jpg 770w, https:\/\/www.lafresca.fm\/f-solosog\/2024\/02\/IBIAE-ONIL-PORTADA-ENERO-2024-768x513.jpg 768w\" sizes=\"(max-width: 998px) 100vw, 998px\" \/><\/figure>\n\n\n\n<p><strong>IBIAE<\/strong>, como viene haciendo a lo largo de su trayectoria, aport\u00f3 todo el conocimiento recibido de la visi\u00f3n de las empresas, exponiendo las necesidades y las posibles soluciones de los empresarios para mejorar los diferentes pol\u00edgonos. Es importante adecuar a\u00fan m\u00e1s estos espacios industriales claves para el desarrollo econ\u00f3mico y de las empresas de<\/p>\n\n\n\n<p>Asimismo, otra de las cuestiones tratadas es el&nbsp;<strong>suelo industrial<\/strong>&nbsp;para que las empresas actuales ampl\u00eden sus instalaciones o bien para la implantaci\u00f3n de nuevas industrias en Onil. Las partes han analizado qu\u00e9 zonas del municipio ser\u00edan las opciones m\u00e1s adecuadas para la&nbsp;<strong>puesta en marcha de nuevo suelo industrial de calidad<\/strong>.<\/p>\n<script>function PlayerjsAsync(){} if(window[\"Playerjs\"]){PlayerjsAsync();}<\/script>","protected":false},"excerpt":{"rendered":"<p>En las \u00faltimas reuniones\u00a0IBIAE\u00a0ha trasladado las necesidades de los\u00a0pol\u00edgonos industriales, puesto que\u00a0IVACE\u00a0ha publicado una l\u00ednea de ayudas para estos espacios en los que realizan sus actividades las empresas.<\/p>\n","protected":false},"author":2,"featured_media":11316,"comment_status":"closed","ping_status":"closed","sticky":false,"template":"","format":"standard","meta":{"_monsterinsights_skip_tracking":false,"_monsterinsights_sitenote_active":false,"_monsterinsights_sitenote_note":"","_monsterinsights_sitenote_category":0,"footnotes":""},"categories":[4],"tags":[181,133],"class_list":["post-11315","post","type-post","status-publish","format-standard","has-post-thumbnail","hentry","category-alicante","tag-ibiae","tag-onil"],"aioseo_notices":[],"_links":{"self":[{"href":"https:\/\/www.lafresca.fm\/fresca-api-json\/wp\/v2\/posts\/11315","targetHints":{"allow":["GET"]}}],"collection":[{"href":"https:\/\/www.lafresca.fm\/fresca-api-json\/wp\/v2\/posts"}],"about":[{"href":"https:\/\/www.lafresca.fm\/fresca-api-json\/wp\/v2\/types\/post"}],"author":[{"embeddable":true,"href":"https:\/\/www.lafresca.fm\/fresca-api-json\/wp\/v2\/users\/2"}],"replies":[{"embeddable":true,"href":"https:\/\/www.lafresca.fm\/fresca-api-json\/wp\/v2\/comments?post=11315"}],"version-history":[{"count":1,"href":"https:\/\/www.lafresca.fm\/fresca-api-json\/wp\/v2\/posts\/11315\/revisions"}],"predecessor-version":[{"id":11317,"href":"https:\/\/www.lafresca.fm\/fresca-api-json\/wp\/v2\/posts\/11315\/revisions\/11317"}],"wp:featuredmedia":[{"embeddable":true,"href":"https:\/\/www.lafresca.fm\/fresca-api-json\/wp\/v2\/media\/11316"}],"wp:attachment":[{"href":"https:\/\/www.lafresca.fm\/fresca-api-json\/wp\/v2\/media?parent=11315"}],"wp:term":[{"taxonomy":"category","embeddable":true,"href":"https:\/\/www.lafresca.fm\/fresca-api-json\/wp\/v2\/categories?post=11315"},{"taxonomy":"post_tag","embeddable":true,"href":"https:\/\/www.lafresca.fm\/fresca-api-json\/wp\/v2\/tags?post=11315"}],"curies":[{"name":"wp","href":"https:\/\/api.w.org\/{rel}","templated":true}]}}