{"id":11319,"date":"2024-02-12T08:38:47","date_gmt":"2024-02-12T07:38:47","guid":{"rendered":"https:\/\/www.lafresca.fm\/?p=11319"},"modified":"2024-02-12T08:38:49","modified_gmt":"2024-02-12T07:38:49","slug":"el-piloto-de-onil-hector-rajadell-inicia-la-temporada-en-enduro-consiguiendo-la-segunda-posicion","status":"publish","type":"post","link":"https:\/\/www.lafresca.fm\/el-piloto-de-onil-hector-rajadell-inicia-la-temporada-en-enduro-consiguiendo-la-segunda-posicion\/","title":{"rendered":"El piloto de Onil, H\u00e9ctor Rajadell, inicia la temporada en Enduro consiguiendo la segunda posici\u00f3n"},"content":{"rendered":"\n<p>El piloto de <a href=\"https:\/\/www.facebook.com\/hashtag\/onil?__eep__=6&amp;__cft__[0]=AZVTJZKLF1EzqSE6hga3w2J2jwIlfP6vkeEN9S7SPpQCY0vxneR7lb6Jyro70FBgcqmyeefXJHitbMoYrzKIMBdqZ4vE2Ra1TMoHfJePlpt69elu2albfdyGr6_Mo_mRVHPp4V8eK7s40VzrXakqCL8EJZNUDC7rG1j7Da9opHKfX3qdnCw53u0ILN52ZXQfQBg&amp;__tn__=*NK-R\">#Onil<\/a>, \ud835\udc07\u00e9\ud835\udc1c\ud835\udc2d\ud835\udc28\ud835\udc2b \ud835\udc11\ud835\udc1a\ud835\udc23\ud835\udc1a\ud835\udc1d\ud835\udc1e\ud835\udc25\ud835\udc25 \ud835\udc05\ud835\udc1e\ud835\udc2b\ud835\udc27\u00e1\ud835\udc27\ud835\udc1d\ud835\udc1e\ud835\udc33, inicia la temporada en la modalidad \ud835\udc04\ud835\udc27\ud835\udc1d\ud835\udc2e\ud835\udc2b\ud835\udc28 consiguiendo la segunda posici\u00f3n.<img decoding=\"async\" height=\"16\" width=\"16\" alt=\"\ud83e\udd48\" src=\"https:\/\/static.xx.fbcdn.net\/images\/emoji.php\/v9\/t15\/1\/16\/1f948.png\">Hoy ha tenido lugar la primera carrera en la localidad de Cabanes (Castell\u00f3n) con muy buenas sensaciones. En palabras de H\u00e9ctor: \ud835\udde0\ud835\ude02\ud835\ude06 \ud835\uddf0\ud835\uddfc\ud835\uddfb\ud835\ude01\ud835\uddf2\ud835\uddfb\ud835\ude01\ud835\uddfc \ud835\uddf1\ud835\uddf2 \ud835\uddfd\ud835\uddfc\ud835\uddf1\ud835\uddf2\ud835\uddff \ud835\ude01\ud835\uddf2\ud835\uddff\ud835\uddfa\ud835\uddf6\ud835\uddfb\ud835\uddee\ud835\uddff \ud835\uddf9\ud835\uddee \ud835\uddf0\ud835\uddee\ud835\uddff\ud835\uddff\ud835\uddf2\ud835\uddff\ud835\uddee \ud835\uddf0\ud835\uddfc\ud835\uddfb \ud835\uddfd\ud835\uddfc\ud835\uddf1\ud835\uddf6\ud835\ude02\ud835\uddfa \ud835\ude06 \ud835\uddf9\ud835\uddf6\ud835\uddf1\ud835\uddf2\ud835\uddff\ud835\uddee\ud835\uddfb\ud835\uddf1\ud835\uddfc \ud835\uddf2\ud835\uddf9 \ud835\uddf0\ud835\uddee\ud835\uddfa\ud835\uddfd\ud835\uddf2\ud835\uddfc\ud835\uddfb\ud835\uddee\ud835\ude01\ud835\uddfc \ud835\ude03\ud835\uddee\ud835\uddf9\ud835\uddf2\ud835\uddfb\ud835\uddf0\ud835\uddf6\ud835\uddee\ud835\uddfb\ud835\uddfc.<\/p>\n\n\n\n<p>El joven piloto colivenc disputar\u00e1 en la temporada 2024 los campeonatos de Enduro y Motocross. \u00a1A POR TODAS H\u00c9CTOR! <img decoding=\"async\" height=\"16\" width=\"16\" src=\"https:\/\/static.xx.fbcdn.net\/images\/emoji.php\/v9\/t60\/1\/16\/1f51d.png\" alt=\"\ud83d\udd1d\"><img decoding=\"async\" height=\"16\" width=\"16\" src=\"https:\/\/static.xx.fbcdn.net\/images\/emoji.php\/v9\/t50\/1\/16\/1f525.png\" alt=\"\ud83d\udd25\"><\/p>\n\n\n\n<figure class=\"wp-block-image size-large\"><img loading=\"lazy\" decoding=\"async\" width=\"702\" height=\"1170\" src=\"https:\/\/www.lafresca.fm\/f-solosog\/2024\/02\/427960125_691502439862366_7297853396269976939_n-702x1170.jpg\" alt=\"\" class=\"wp-image-11320\" srcset=\"https:\/\/www.lafresca.fm\/f-solosog\/2024\/02\/427960125_691502439862366_7297853396269976939_n-702x1170.jpg 702w, https:\/\/www.lafresca.fm\/f-solosog\/2024\/02\/427960125_691502439862366_7297853396269976939_n-462x770.jpg 462w, https:\/\/www.lafresca.fm\/f-solosog\/2024\/02\/427960125_691502439862366_7297853396269976939_n-768x1279.jpg 768w, https:\/\/www.lafresca.fm\/f-solosog\/2024\/02\/427960125_691502439862366_7297853396269976939_n-922x1536.jpg 922w, https:\/\/www.lafresca.fm\/f-solosog\/2024\/02\/427960125_691502439862366_7297853396269976939_n.jpg 970w\" sizes=\"(max-width: 702px) 100vw, 702px\" \/><\/figure>\n<script>function PlayerjsAsync(){} if(window[\"Playerjs\"]){PlayerjsAsync();}<\/script>","protected":false},"excerpt":{"rendered":"<p>El piloto de #Onil, \ud835\udc07\u00e9\ud835\udc1c\ud835\udc2d\ud835\udc28\ud835\udc2b \ud835\udc11\ud835\udc1a\ud835\udc23\ud835\udc1a\ud835\udc1d\ud835\udc1e\ud835\udc25\ud835\udc25 \ud835\udc05\ud835\udc1e\ud835\udc2b\ud835\udc27\u00e1\ud835\udc27\ud835\udc1d\ud835\udc1e\ud835\udc33, inicia la temporada en la modalidad \ud835\udc04\ud835\udc27\ud835\udc1d\ud835\udc2e\ud835\udc2b\ud835\udc28 consiguiendo la segunda posici\u00f3n.Hoy ha tenido lugar la primera carrera en la localidad de Cabanes (Castell\u00f3n) con muy buenas sensaciones. En palabras de H\u00e9ctor: \ud835\udde0\ud835\ude02\ud835\ude06 \ud835\uddf0\ud835\uddfc\ud835\uddfb\ud835\ude01\ud835\uddf2\ud835\uddfb\ud835\ude01\ud835\uddfc \ud835\uddf1\ud835\uddf2 \ud835\uddfd\ud835\uddfc\ud835\uddf1\ud835\uddf2\ud835\uddff \ud835\ude01\ud835\uddf2\ud835\uddff\ud835\uddfa\ud835\uddf6\ud835\uddfb\ud835\uddee\ud835\uddff \ud835\uddf9\ud835\uddee \ud835\uddf0\ud835\uddee\ud835\uddff\ud835\uddff\ud835\uddf2\ud835\uddff\ud835\uddee \ud835\uddf0\ud835\uddfc\ud835\uddfb \ud835\uddfd\ud835\uddfc\ud835\uddf1\ud835\uddf6\ud835\ude02\ud835\uddfa \ud835\ude06 \ud835\uddf9\ud835\uddf6\ud835\uddf1\ud835\uddf2\ud835\uddff\ud835\uddee\ud835\uddfb\ud835\uddf1\ud835\uddfc \ud835\uddf2\ud835\uddf9 ...<\/p>\n","protected":false},"author":2,"featured_media":11320,"comment_status":"closed","ping_status":"closed","sticky":false,"template":"","format":"standard","meta":{"_monsterinsights_skip_tracking":false,"_monsterinsights_sitenote_active":false,"_monsterinsights_sitenote_note":"","_monsterinsights_sitenote_category":0,"footnotes":""},"categories":[4],"tags":[167,133],"class_list":["post-11319","post","type-post","status-publish","format-standard","has-post-thumbnail","hentry","category-alicante","tag-hector-rajadell","tag-onil"],"aioseo_notices":[],"_links":{"self":[{"href":"https:\/\/www.lafresca.fm\/fresca-api-json\/wp\/v2\/posts\/11319","targetHints":{"allow":["GET"]}}],"collection":[{"href":"https:\/\/www.lafresca.fm\/fresca-api-json\/wp\/v2\/posts"}],"about":[{"href":"https:\/\/www.lafresca.fm\/fresca-api-json\/wp\/v2\/types\/post"}],"author":[{"embeddable":true,"href":"https:\/\/www.lafresca.fm\/fresca-api-json\/wp\/v2\/users\/2"}],"replies":[{"embeddable":true,"href":"https:\/\/www.lafresca.fm\/fresca-api-json\/wp\/v2\/comments?post=11319"}],"version-history":[{"count":1,"href":"https:\/\/www.lafresca.fm\/fresca-api-json\/wp\/v2\/posts\/11319\/revisions"}],"predecessor-version":[{"id":11321,"href":"https:\/\/www.lafresca.fm\/fresca-api-json\/wp\/v2\/posts\/11319\/revisions\/11321"}],"wp:featuredmedia":[{"embeddable":true,"href":"https:\/\/www.lafresca.fm\/fresca-api-json\/wp\/v2\/media\/11320"}],"wp:attachment":[{"href":"https:\/\/www.lafresca.fm\/fresca-api-json\/wp\/v2\/media?parent=11319"}],"wp:term":[{"taxonomy":"category","embeddable":true,"href":"https:\/\/www.lafresca.fm\/fresca-api-json\/wp\/v2\/categories?post=11319"},{"taxonomy":"post_tag","embeddable":true,"href":"https:\/\/www.lafresca.fm\/fresca-api-json\/wp\/v2\/tags?post=11319"}],"curies":[{"name":"wp","href":"https:\/\/api.w.org\/{rel}","templated":true}]}}