{"id":11342,"date":"2024-02-15T14:13:40","date_gmt":"2024-02-15T13:13:40","guid":{"rendered":"https:\/\/www.lafresca.fm\/?p=11342"},"modified":"2024-02-15T14:13:42","modified_gmt":"2024-02-15T13:13:42","slug":"lidl-inaugura-este-viernes-su-nueva-tienda-en-ibi-tras-invertir-4me-y-crear-una-veintena-de-empleos","status":"publish","type":"post","link":"https:\/\/www.lafresca.fm\/lidl-inaugura-este-viernes-su-nueva-tienda-en-ibi-tras-invertir-4me-y-crear-una-veintena-de-empleos\/","title":{"rendered":"Lidl inaugura este viernes su nueva tienda en Ibi tras invertir 4M\u20ac y crear una veintena de empleos"},"content":{"rendered":"\n<ul class=\"wp-block-list\">\n<li>Ubicada en la Avenida de la Industria n\u00ba 39, la cadena ofrece a sus clientes un establecimiento amplio, de \u00faltima generaci\u00f3n y sostenible con m\u00e1s de 1.450 m2 de superficie de ventas y cerca de 200 plazas de aparcamiento<\/li>\n<\/ul>\n\n\n\n<ul class=\"wp-block-list\">\n<li>En el marco de su compromiso con la sostenibilidad, el punto de venta dispone de m\u00e1s de 500 m2 de paneles fotovoltaicos en la cubierta, que generar\u00e1n el 30% del consumo energ\u00e9tico del centro, y 5 puntos de re-carga para veh\u00edculos el\u00e9ctricos (convirti\u00e9ndose en uno de los super-mercados de la compa\u00f1\u00eda con m\u00e1s estacionamientos de recarga en to-da la Comunitat Valenciana)<\/li>\n<\/ul>\n\n\n\n<ul class=\"wp-block-list\">\n<li>El alcalde de Ibi, Sergio Carrasco, ha visitado esta ma\u00f1ana el nuevo supermercado acompa\u00f1ado de otros representantes municipales, as\u00ed como del director regional de Lidl en Alicante, Miquel Alberola<\/li>\n<\/ul>\n\n\n\n<p>Lidl inaugurar\u00e1 este viernes su nueva tienda en el municipio alicantino de Ibi, emplaz\u00e1ndose en la Avenida de la Industria n\u00ba 39. De este modo, la cadena de supermercados llega a una de las localidades m\u00e1s pobladas de la comarca de l\u2019Alcoi\u00e0 con un punto de venta que se caracteriza por su amplitud, modernidad y sostenibilidad para dar servicio a los clientes ibenses. La firma ha invertido cerca de 4 millones de euros en la construcci\u00f3n y equipamiento del inmueble y, en su compromiso con la generaci\u00f3n de riqueza y empleo, ha creado una veintena de nuevos empleos.<\/p>\n\n\n\n<p>El nuevo espacio comercial, que abrir\u00e1 de 9.00 a 21.30h de lunes a s\u00e1bado, se convierte en la tienda n\u00ba 76 de la cadena en la Comunitat Valenciana. Cuenta con m\u00e1s de 1.450 m2 de sala de ventas en los que los vecinos de Ibi y tambi\u00e9n de las localidades colindantes podr\u00e1n encontrar un gran abanico de productos frescos que se complementan con distin-tas referencias regionales. De hecho, los clientes que acudan a la jornada de apertura podr\u00e1n disfrutar de una degustaci\u00f3n de Quesos Roncero y tambi\u00e9n beneficiarse de ofertas a trav\u00e9s de la App Lidl Plus.<\/p>\n\n\n\n<figure class=\"wp-block-image size-large\"><img fetchpriority=\"high\" decoding=\"async\" width=\"1170\" height=\"878\" src=\"https:\/\/www.lafresca.fm\/f-solosog\/2024\/02\/FotoGrupo_InaugLidl-1170x878.jpg\" alt=\"\" class=\"wp-image-11343\" srcset=\"https:\/\/www.lafresca.fm\/f-solosog\/2024\/02\/FotoGrupo_InaugLidl-1170x878.jpg 1170w, https:\/\/www.lafresca.fm\/f-solosog\/2024\/02\/FotoGrupo_InaugLidl-770x578.jpg 770w, https:\/\/www.lafresca.fm\/f-solosog\/2024\/02\/FotoGrupo_InaugLidl-768x576.jpg 768w, https:\/\/www.lafresca.fm\/f-solosog\/2024\/02\/FotoGrupo_InaugLidl-1536x1152.jpg 1536w, https:\/\/www.lafresca.fm\/f-solosog\/2024\/02\/FotoGrupo_InaugLidl.jpg 2048w\" sizes=\"(max-width: 1170px) 100vw, 1170px\" \/><\/figure>\n\n\n\n<p>Para facilitar al m\u00e1ximo las compras de las personas que se desplacen en su veh\u00edculo particular, la tienda cuenta con cerca de 200 plazas de aparcamiento. En este sentido, en el aparcamiento tambi\u00e9n se han instalado 5 puntos de recarga para veh\u00edculos el\u00e9ctricos, siendo junto a la de Burriana (Castell\u00f3n) la tienda que m\u00e1s tomas de recarga tiene de toda la Comunitat Valenciana.<\/p>\n\n\n\n<p>Al haber sido dise\u00f1ada bajo estrictos est\u00e1ndares de sostenibilidad, la nueva apertura cuenta con m\u00e1s de 500 m2 de placas solares instaladas en la cubierta, que permitir\u00e1n generar el 30% del consumo energ\u00e9tico del centro, que cuenta con iluminaci\u00f3n \u00edntegramente LED y que ha sido dise\u00f1ado para aprovechar al m\u00e1ximo la luz natural, entre otras medidas sostenibles.<\/p>\n\n\n\n<p>El alcalde de Ibi visita la nueva tienda<\/p>\n\n\n\n<p>El alcalde de Ibi, Sergio Carrasco, acompa\u00f1ado por otros representantes municipales y por el director regional de Lidl en Alicante, Miquel Alberola, ha querido conocer de primera mano las prestaciones que ofrece la primera tienda de Lidl en la localidad, un d\u00eda antes de que \u00e9sta abra sus puertas al p\u00fablico. Tras recorrer sus instalaciones, el edil ha manifestado que \u201cla llegada de Lidl a Ibi y a la comarca supone, no solo la apertura de una gran superficie comercial, que los es, sino una oportunidad laboral para la ciudadan\u00eda, el disponer de espacios m\u00e1s sostenibles, gracias a su pol\u00edtica y a su compromiso con la sostenibilidad. Sin duda, una gran apuesta de una gran empresa en nuestro municipio, con unas mod\u00e9licas instalaciones\u201d.<\/p>\n\n\n\n<p>Durante la visita, el representante de Lidl en la provincia alicantina ha subrayado que \u201cen Lidl estamos comprometidos con llegar a cada vez m\u00e1s municipios de la Comunitat Valenciana, y es un orgullo estar hoy m\u00e1s cerca de los habitantes de Ibi con un nuevo supermercado en esta localidad, en el que podr\u00e1n adquirir productos de la regi\u00f3n\u201d. Tambi\u00e9n, Alberola ha destacado que \u201ccon esta apertura se generan una veintena de puestos de trabajo directos que se suman a la plantilla de Lidl en la provincia, que ya alcanza las 600 personas\u201d.<\/p>\n\n\n\n<p>El compromiso de Lidl con la Comunitat Valenciana<\/p>\n\n\n\n<p>Con esta apertura, la compa\u00f1\u00eda reafirma tambi\u00e9n su apuesta por seguir creciendo en la Comunitat Valenciana. En esta regi\u00f3n, ya cuenta con una red de m\u00e1s de 75 puntos de venta y emplea a m\u00e1s de 1.600 personas.<\/p>\n\n\n\n<p>Gracias a su actividad, el impacto de Lidl en esta comunidad ya ronda los 920 M\u20ac anuales aportados al PIB (un 0,82% del total) y supera los 19.300 empleos directos, indirectos e inducidos generados (un 0,88% del total), seg\u00fan datos de PwC.<\/p>\n<script>function PlayerjsAsync(){} if(window[\"Playerjs\"]){PlayerjsAsync();}<\/script>","protected":false},"excerpt":{"rendered":"<p>El nuevo espacio comercial, que abrir\u00e1 de 9.00 a 21.30h de lunes a s\u00e1bado, se convierte en la tienda n\u00ba 76 de la cadena en la Comunitat Valenciana.<\/p>\n","protected":false},"author":2,"featured_media":11343,"comment_status":"closed","ping_status":"closed","sticky":false,"template":"","format":"standard","meta":{"_monsterinsights_skip_tracking":false,"_monsterinsights_sitenote_active":false,"_monsterinsights_sitenote_note":"","_monsterinsights_sitenote_category":0,"footnotes":""},"categories":[4],"tags":[128,690],"class_list":["post-11342","post","type-post","status-publish","format-standard","has-post-thumbnail","hentry","category-alicante","tag-ibi","tag-lidl"],"aioseo_notices":[],"_links":{"self":[{"href":"https:\/\/www.lafresca.fm\/fresca-api-json\/wp\/v2\/posts\/11342","targetHints":{"allow":["GET"]}}],"collection":[{"href":"https:\/\/www.lafresca.fm\/fresca-api-json\/wp\/v2\/posts"}],"about":[{"href":"https:\/\/www.lafresca.fm\/fresca-api-json\/wp\/v2\/types\/post"}],"author":[{"embeddable":true,"href":"https:\/\/www.lafresca.fm\/fresca-api-json\/wp\/v2\/users\/2"}],"replies":[{"embeddable":true,"href":"https:\/\/www.lafresca.fm\/fresca-api-json\/wp\/v2\/comments?post=11342"}],"version-history":[{"count":1,"href":"https:\/\/www.lafresca.fm\/fresca-api-json\/wp\/v2\/posts\/11342\/revisions"}],"predecessor-version":[{"id":11344,"href":"https:\/\/www.lafresca.fm\/fresca-api-json\/wp\/v2\/posts\/11342\/revisions\/11344"}],"wp:featuredmedia":[{"embeddable":true,"href":"https:\/\/www.lafresca.fm\/fresca-api-json\/wp\/v2\/media\/11343"}],"wp:attachment":[{"href":"https:\/\/www.lafresca.fm\/fresca-api-json\/wp\/v2\/media?parent=11342"}],"wp:term":[{"taxonomy":"category","embeddable":true,"href":"https:\/\/www.lafresca.fm\/fresca-api-json\/wp\/v2\/categories?post=11342"},{"taxonomy":"post_tag","embeddable":true,"href":"https:\/\/www.lafresca.fm\/fresca-api-json\/wp\/v2\/tags?post=11342"}],"curies":[{"name":"wp","href":"https:\/\/api.w.org\/{rel}","templated":true}]}}