{"id":11345,"date":"2024-02-15T14:45:41","date_gmt":"2024-02-15T13:45:41","guid":{"rendered":"https:\/\/www.lafresca.fm\/?p=11345"},"modified":"2024-02-15T14:46:12","modified_gmt":"2024-02-15T13:46:12","slug":"lespai-dia-del-nino-con-cancer-luis-pomares-tiene-11-anos-y-ha-sufrido-2-tumores-cerebrales","status":"publish","type":"post","link":"https:\/\/www.lafresca.fm\/lespai-dia-del-nino-con-cancer-luis-pomares-tiene-11-anos-y-ha-sufrido-2-tumores-cerebrales\/","title":{"rendered":"L&#8217;Espai: D\u00eda del Ni\u00f1o con C\u00e1ncer &#8211; Luis Pomares tiene 11 a\u00f1os y ha sufrido 2 tumores cerebrales"},"content":{"rendered":"\n<figure class=\"wp-block-audio\"><audio controls src=\"https:\/\/www.lafresca.fm\/f-solosog\/2024\/02\/LESPAIDENADAL-Jueves-15-Febrero-2024-Luis-ASPANION-.mp3\"><\/audio><\/figure>\n\n\n\n<p>Este jueves 15 de febrero se conmemora el <strong>D\u00eda Internacional del Ni\u00f1o con C\u00e1ncer<\/strong>. En <strong>L&#8217;Espai<\/strong>, hemos hablado con <strong>Luis Pomares<\/strong>, un ni\u00f1o de 11 a\u00f1os que ha tenido que pasar por la enfermedad. Este ni\u00f1o de Elche sabe muy bien lo que es la enfermedad, ya que ha sufrido 2 tumores cerebrales hace ahora 3 a\u00f1os y donde la Asociaci\u00f3n Aspanion ha ayudado en todo momento tanto a \u00e9l como a su familia. La asociaci\u00f3n Reis Mags d&#8217;Onil le ha nombrado recientemente presidente infantil. <\/p>\n\n\n\n<p>Hablamos con Luis, su hermano Germ\u00e1n, sus padres y con Mar\u00eda Sanch\u00eds, presidenta dels Reis Mags d&#8217;Onil<\/p>\n\n\n\n<figure class=\"wp-block-image size-large\"><img fetchpriority=\"high\" decoding=\"async\" width=\"1170\" height=\"878\" src=\"https:\/\/www.lafresca.fm\/f-solosog\/2024\/02\/Luis-Pomares-15-2-24-1170x878.jpg\" alt=\"\" class=\"wp-image-11347\" srcset=\"https:\/\/www.lafresca.fm\/f-solosog\/2024\/02\/Luis-Pomares-15-2-24-1170x878.jpg 1170w, https:\/\/www.lafresca.fm\/f-solosog\/2024\/02\/Luis-Pomares-15-2-24-770x578.jpg 770w, https:\/\/www.lafresca.fm\/f-solosog\/2024\/02\/Luis-Pomares-15-2-24-768x576.jpg 768w, https:\/\/www.lafresca.fm\/f-solosog\/2024\/02\/Luis-Pomares-15-2-24-1536x1152.jpg 1536w, https:\/\/www.lafresca.fm\/f-solosog\/2024\/02\/Luis-Pomares-15-2-24.jpg 1600w\" sizes=\"(max-width: 1170px) 100vw, 1170px\" \/><\/figure>\n<script>function PlayerjsAsync(){} if(window[\"Playerjs\"]){PlayerjsAsync();}<\/script>","protected":false},"excerpt":{"rendered":"<p>Hablamos con Luis, su hermano Germ\u00e1n, sus padres y con Mar\u00eda Sanch\u00eds, presidenta dels Reis Mags d&#8217;Onil<\/p>\n","protected":false},"author":2,"featured_media":11347,"comment_status":"closed","ping_status":"closed","sticky":false,"template":"","format":"standard","meta":{"_monsterinsights_skip_tracking":false,"_monsterinsights_sitenote_active":false,"_monsterinsights_sitenote_note":"","_monsterinsights_sitenote_category":0,"footnotes":""},"categories":[4],"tags":[],"class_list":["post-11345","post","type-post","status-publish","format-standard","has-post-thumbnail","hentry","category-alicante"],"aioseo_notices":[],"_links":{"self":[{"href":"https:\/\/www.lafresca.fm\/fresca-api-json\/wp\/v2\/posts\/11345","targetHints":{"allow":["GET"]}}],"collection":[{"href":"https:\/\/www.lafresca.fm\/fresca-api-json\/wp\/v2\/posts"}],"about":[{"href":"https:\/\/www.lafresca.fm\/fresca-api-json\/wp\/v2\/types\/post"}],"author":[{"embeddable":true,"href":"https:\/\/www.lafresca.fm\/fresca-api-json\/wp\/v2\/users\/2"}],"replies":[{"embeddable":true,"href":"https:\/\/www.lafresca.fm\/fresca-api-json\/wp\/v2\/comments?post=11345"}],"version-history":[{"count":2,"href":"https:\/\/www.lafresca.fm\/fresca-api-json\/wp\/v2\/posts\/11345\/revisions"}],"predecessor-version":[{"id":11349,"href":"https:\/\/www.lafresca.fm\/fresca-api-json\/wp\/v2\/posts\/11345\/revisions\/11349"}],"wp:featuredmedia":[{"embeddable":true,"href":"https:\/\/www.lafresca.fm\/fresca-api-json\/wp\/v2\/media\/11347"}],"wp:attachment":[{"href":"https:\/\/www.lafresca.fm\/fresca-api-json\/wp\/v2\/media?parent=11345"}],"wp:term":[{"taxonomy":"category","embeddable":true,"href":"https:\/\/www.lafresca.fm\/fresca-api-json\/wp\/v2\/categories?post=11345"},{"taxonomy":"post_tag","embeddable":true,"href":"https:\/\/www.lafresca.fm\/fresca-api-json\/wp\/v2\/tags?post=11345"}],"curies":[{"name":"wp","href":"https:\/\/api.w.org\/{rel}","templated":true}]}}