{"id":11350,"date":"2024-02-15T14:57:06","date_gmt":"2024-02-15T13:57:06","guid":{"rendered":"https:\/\/www.lafresca.fm\/?p=11350"},"modified":"2024-02-15T14:57:08","modified_gmt":"2024-02-15T13:57:08","slug":"lespai-dia-del-nino-a-con-cancer-laura-esteve-de-la-asociacion-pedaleando-con-ainhoa-de-ibi","status":"publish","type":"post","link":"https:\/\/www.lafresca.fm\/lespai-dia-del-nino-a-con-cancer-laura-esteve-de-la-asociacion-pedaleando-con-ainhoa-de-ibi\/","title":{"rendered":"L\u2019Espai: D\u00eda del Ni\u00f1o\/a con C\u00e1ncer \u2013 Laura Esteve de la Asociaci\u00f3n Pedaleando con Ainhoa de Ibi"},"content":{"rendered":"\n<p>Este jueves 15 de febrero se conmemora el\u00a0<strong>D\u00eda Internacional del Ni\u00f1o con C\u00e1ncer<\/strong>. En\u00a0<strong>L\u2019Espai<\/strong>, hemos hablado Laura Esteve, mam\u00e1 de Ainhoa, una ni\u00f1a de Ibi que desgraciadamente no pudo superar el c\u00e1ncer y en 2021 nos dej\u00f3. Aun as\u00ed, sus padres Laura y David, bajo la asociaci\u00f3n <a href=\"https:\/\/www.facebook.com\/profile.php?id=100080387202863&amp;__cft__[0]=AZV5a6DBrajmQYdyTBL9gX3A3ZxbtMBsj0G2I5BRfAwJl-uA3tFUwh1GekO1T_LH00Gcg3zgGl5TFFeV_77hBTalsG5LCHZDe7e3uGlndRTX27dElaXpT9LyeOq0PcaQQNHCmV9xUQEduerbX0D7qmKpE-V4c_XvZT19sNKHodn4Vj8tTq0qDZkvpqRTeg023pI&amp;__tn__=-]K-R\">Pedaleando con Ainhoa<\/a>, no paran de organizar diferentes proyectos para recaudar fondos. Todo lo recaudado va destinado a la investigaci\u00f3n y lucha del c\u00e1ncer infantil. <img decoding=\"async\" height=\"16\" width=\"16\" src=\"https:\/\/static.xx.fbcdn.net\/images\/emoji.php\/v9\/t68\/1\/16\/1f4aa_1f3fc.png\" alt=\"\ud83d\udcaa\ud83c\udffc\"><\/p>\n\n\n\n<figure class=\"wp-block-image size-large\"><img fetchpriority=\"high\" decoding=\"async\" width=\"1170\" height=\"878\" src=\"https:\/\/www.lafresca.fm\/f-solosog\/2024\/02\/laura-esteve-pedaleando-con-ainhoa-15224-1170x878.jpg\" alt=\"\" class=\"wp-image-11352\" srcset=\"https:\/\/www.lafresca.fm\/f-solosog\/2024\/02\/laura-esteve-pedaleando-con-ainhoa-15224-1170x878.jpg 1170w, https:\/\/www.lafresca.fm\/f-solosog\/2024\/02\/laura-esteve-pedaleando-con-ainhoa-15224-770x578.jpg 770w, https:\/\/www.lafresca.fm\/f-solosog\/2024\/02\/laura-esteve-pedaleando-con-ainhoa-15224-768x576.jpg 768w, https:\/\/www.lafresca.fm\/f-solosog\/2024\/02\/laura-esteve-pedaleando-con-ainhoa-15224-1536x1152.jpg 1536w, https:\/\/www.lafresca.fm\/f-solosog\/2024\/02\/laura-esteve-pedaleando-con-ainhoa-15224.jpg 1600w\" sizes=\"(max-width: 1170px) 100vw, 1170px\" \/><\/figure>\n\n\n\n<figure class=\"wp-block-audio\"><audio controls src=\"https:\/\/www.lafresca.fm\/f-solosog\/2024\/02\/LESPAIDENADAL-Jueves-15-Febrero-2024-Laura-Pedaleando-.mp3\"><\/audio><\/figure>\n<script>function PlayerjsAsync(){} if(window[\"Playerjs\"]){PlayerjsAsync();}<\/script>","protected":false},"excerpt":{"rendered":"<p>Laura Esteve, mam\u00e1 de Ainhoa, una ni\u00f1a de Ibi que desgraciadamente no pudo superar el c\u00e1ncer.<\/p>\n","protected":false},"author":2,"featured_media":11352,"comment_status":"closed","ping_status":"closed","sticky":false,"template":"","format":"standard","meta":{"_monsterinsights_skip_tracking":false,"_monsterinsights_sitenote_active":false,"_monsterinsights_sitenote_note":"","_monsterinsights_sitenote_category":0,"footnotes":""},"categories":[4],"tags":[696,128,695],"class_list":["post-11350","post","type-post","status-publish","format-standard","has-post-thumbnail","hentry","category-alicante","tag-dia-del-nino-con-cancer","tag-ibi","tag-pedaleando-con-ainhoa"],"aioseo_notices":[],"_links":{"self":[{"href":"https:\/\/www.lafresca.fm\/fresca-api-json\/wp\/v2\/posts\/11350","targetHints":{"allow":["GET"]}}],"collection":[{"href":"https:\/\/www.lafresca.fm\/fresca-api-json\/wp\/v2\/posts"}],"about":[{"href":"https:\/\/www.lafresca.fm\/fresca-api-json\/wp\/v2\/types\/post"}],"author":[{"embeddable":true,"href":"https:\/\/www.lafresca.fm\/fresca-api-json\/wp\/v2\/users\/2"}],"replies":[{"embeddable":true,"href":"https:\/\/www.lafresca.fm\/fresca-api-json\/wp\/v2\/comments?post=11350"}],"version-history":[{"count":1,"href":"https:\/\/www.lafresca.fm\/fresca-api-json\/wp\/v2\/posts\/11350\/revisions"}],"predecessor-version":[{"id":11353,"href":"https:\/\/www.lafresca.fm\/fresca-api-json\/wp\/v2\/posts\/11350\/revisions\/11353"}],"wp:featuredmedia":[{"embeddable":true,"href":"https:\/\/www.lafresca.fm\/fresca-api-json\/wp\/v2\/media\/11352"}],"wp:attachment":[{"href":"https:\/\/www.lafresca.fm\/fresca-api-json\/wp\/v2\/media?parent=11350"}],"wp:term":[{"taxonomy":"category","embeddable":true,"href":"https:\/\/www.lafresca.fm\/fresca-api-json\/wp\/v2\/categories?post=11350"},{"taxonomy":"post_tag","embeddable":true,"href":"https:\/\/www.lafresca.fm\/fresca-api-json\/wp\/v2\/tags?post=11350"}],"curies":[{"name":"wp","href":"https:\/\/api.w.org\/{rel}","templated":true}]}}