{"id":11362,"date":"2024-02-19T16:34:53","date_gmt":"2024-02-19T15:34:53","guid":{"rendered":"https:\/\/www.lafresca.fm\/?p=11362"},"modified":"2024-02-19T16:34:55","modified_gmt":"2024-02-19T15:34:55","slug":"heridos-tres-hombres-tras-una-colision-entre-dos-camiones-en-la-a-7-a-la-altura-de-tibi","status":"publish","type":"post","link":"https:\/\/www.lafresca.fm\/heridos-tres-hombres-tras-una-colision-entre-dos-camiones-en-la-a-7-a-la-altura-de-tibi\/","title":{"rendered":"Heridos tres hombres tras una colisi\u00f3n entre dos camiones en la A-7 a la altura de Tibi"},"content":{"rendered":"\n<p>Tres hombres han resultado heridos a causa de una colisi\u00f3n entre dos camiones en la A7, en el t\u00e9rmino municipal de Tibi. Todos ellos han sido atendidos por el equipo m\u00e9dico y trasladados a centros hospitalarios.<\/p>\n\n\n\n<p>El accidente entre los dos camiones se ha producido este lunes, sobre las 10.00 horas, en la A7, a la altura del kil\u00f3metro 482, en t\u00e9rmino municipal de Tibi, seg\u00fan ha indicado el Centro de Informaci\u00f3n y Coordinaci\u00f3n de Urgencias (CICU).<\/p>\n\n\n\n<figure class=\"wp-block-image size-large\"><img fetchpriority=\"high\" decoding=\"async\" width=\"878\" height=\"1170\" src=\"https:\/\/www.lafresca.fm\/f-solosog\/2024\/02\/heli-878x1170.jpg\" alt=\"\" class=\"wp-image-11363\" srcset=\"https:\/\/www.lafresca.fm\/f-solosog\/2024\/02\/heli-878x1170.jpg 878w, https:\/\/www.lafresca.fm\/f-solosog\/2024\/02\/heli-578x770.jpg 578w, https:\/\/www.lafresca.fm\/f-solosog\/2024\/02\/heli-768x1024.jpg 768w, https:\/\/www.lafresca.fm\/f-solosog\/2024\/02\/heli-1152x1536.jpg 1152w, https:\/\/www.lafresca.fm\/f-solosog\/2024\/02\/heli.jpg 1200w\" sizes=\"(max-width: 878px) 100vw, 878px\" \/><\/figure>\n\n\n\n<p>Hasta el lugar, el CICU ha movilizado una unidad del SAMU, un helic\u00f3ptero medicalizado y una unidad de soporte vital b\u00e1sico. Los servicios m\u00e9dicos han estabilizado a dos hombres de 24 a\u00f1os y 44 a\u00f1os. Ambos presentaban politraumatismo y han sido evacuados al Hospital General Doctor Balmis de Alicante en la SAMU a\u00e9rea y la terrestre, respectivamente.<\/p>\n\n\n\n<p>Por su parte, otro hombre, de 35 a\u00f1os, ha sido trasladado por traumatismo craneoencef\u00e1lico al Hospital Virgen de los Lirios de Alcoi en la ambulancia de soporte vital b\u00e1sico<\/p>\n<script>function PlayerjsAsync(){} if(window[\"Playerjs\"]){PlayerjsAsync();}<\/script>","protected":false},"excerpt":{"rendered":"<p>Dos de los heridos han sido trasladados en helic\u00f3ptero<\/p>\n","protected":false},"author":2,"featured_media":11363,"comment_status":"closed","ping_status":"closed","sticky":false,"template":"","format":"standard","meta":{"_monsterinsights_skip_tracking":false,"_monsterinsights_sitenote_active":false,"_monsterinsights_sitenote_note":"","_monsterinsights_sitenote_category":0,"footnotes":""},"categories":[4],"tags":[],"class_list":["post-11362","post","type-post","status-publish","format-standard","has-post-thumbnail","hentry","category-alicante"],"aioseo_notices":[],"_links":{"self":[{"href":"https:\/\/www.lafresca.fm\/fresca-api-json\/wp\/v2\/posts\/11362","targetHints":{"allow":["GET"]}}],"collection":[{"href":"https:\/\/www.lafresca.fm\/fresca-api-json\/wp\/v2\/posts"}],"about":[{"href":"https:\/\/www.lafresca.fm\/fresca-api-json\/wp\/v2\/types\/post"}],"author":[{"embeddable":true,"href":"https:\/\/www.lafresca.fm\/fresca-api-json\/wp\/v2\/users\/2"}],"replies":[{"embeddable":true,"href":"https:\/\/www.lafresca.fm\/fresca-api-json\/wp\/v2\/comments?post=11362"}],"version-history":[{"count":1,"href":"https:\/\/www.lafresca.fm\/fresca-api-json\/wp\/v2\/posts\/11362\/revisions"}],"predecessor-version":[{"id":11364,"href":"https:\/\/www.lafresca.fm\/fresca-api-json\/wp\/v2\/posts\/11362\/revisions\/11364"}],"wp:featuredmedia":[{"embeddable":true,"href":"https:\/\/www.lafresca.fm\/fresca-api-json\/wp\/v2\/media\/11363"}],"wp:attachment":[{"href":"https:\/\/www.lafresca.fm\/fresca-api-json\/wp\/v2\/media?parent=11362"}],"wp:term":[{"taxonomy":"category","embeddable":true,"href":"https:\/\/www.lafresca.fm\/fresca-api-json\/wp\/v2\/categories?post=11362"},{"taxonomy":"post_tag","embeddable":true,"href":"https:\/\/www.lafresca.fm\/fresca-api-json\/wp\/v2\/tags?post=11362"}],"curies":[{"name":"wp","href":"https:\/\/api.w.org\/{rel}","templated":true}]}}