{"id":11377,"date":"2024-02-22T11:19:07","date_gmt":"2024-02-22T10:19:07","guid":{"rendered":"https:\/\/www.lafresca.fm\/?p=11377"},"modified":"2024-02-22T11:19:08","modified_gmt":"2024-02-22T10:19:08","slug":"desarticulada-una-banda-que-robo-con-extrema-violencia-en-ibi-y-biar-entre-otras-localidades","status":"publish","type":"post","link":"https:\/\/www.lafresca.fm\/desarticulada-una-banda-que-robo-con-extrema-violencia-en-ibi-y-biar-entre-otras-localidades\/","title":{"rendered":"Desarticulada una banda que rob\u00f3 con extrema violencia en Ibi y Biar entre otras localidades"},"content":{"rendered":"\n<p>Agentes de la Polic\u00eda Nacional y de la Guardia Civil han desmantelado una &#8220;peligrosa banda criminal&#8221; presuntamente responsable de una serie de robos con violencia, con el uso de arma blanca, cometidos en municipios de la provincia de Alicante. En uno de sus robos, la v\u00edctima sufri\u00f3 <strong>graves lesiones y tuvo que ser ingresada en la Unidad de Cuidados Intensivos<\/strong> (UCI).<\/p>\n\n\n\n<p>La operaci\u00f3n conjunta GREEN-IBVIC ha sido desarrollada por el Grupo de Polic\u00eda Judicial de la Comisar\u00eda de Polic\u00eda Nacional en Elda, junto con los Equipos de Polic\u00eda Judicial de Villena y Novelda de la Guardia Civil. Se inici\u00f3 tras tenerse conocimiento de un robo con violencia ocurrido en la madrugada del pasado 14 de enero en una<strong> zona de ocio de Ibi<\/strong>, donde la v\u00edctima sufri\u00f3 graves lesiones de arma blanca y fue ingresada en la Unidad de Cuidados Intensivos (UCI) del Hospital Virgen de los Lirios de Alcoi, seg\u00fan han indicado ambas fuerzas de seguridad en un comunicado.<\/p>\n\n\n\n<figure class=\"wp-block-image size-full\"><img fetchpriority=\"high\" decoding=\"async\" width=\"747\" height=\"421\" src=\"https:\/\/www.lafresca.fm\/f-solosog\/2024\/02\/Captura-1.png\" alt=\"\" class=\"wp-image-11378\"\/><\/figure>\n\n\n\n<p>Este hecho fue seguido en el mismo d\u00eda por otro robo con violencia a plena luz del d\u00eda, pr\u00f3ximo a un cajero autom\u00e1tico de una entidad bancaria de la localidad <strong>Biar<\/strong>, donde un polic\u00eda local fuera de servicio del mismo municipio procedi\u00f3 a la detenci\u00f3n de uno de los miembros de la banda.<\/p>\n\n\n\n<p>Durante el mismo d\u00eda, la banda criminal continu\u00f3 sus actividades delictivas en dos estaciones de servicio de los municipios alicantinos de Villena y Mon\u00f2ver. Adem\u00e1s, tras comer en un restaurante de Villena, se fueron sin pagar las consumiciones<\/p>\n\n\n\n<p>Posteriormente, el 16 de enero, el veh\u00edculo supuestamente utilizado por la banda fue identificado en Elda, con evidencias de haber alterado la numeraci\u00f3n de la matr\u00edcula, presuntamente con la finalidad de eliminar el rastro que hab\u00edan dejado en los lugares donde hab\u00edan cometido los robos.<\/p>\n\n\n\n<p>Ambos cuerpos policiales estaban llevando investigaciones en paralelo relacionadas con los mismos hechos y personas y, fruto de la colaboraci\u00f3n existente, aunaron esfuerzos de colaboraci\u00f3n y se estableci\u00f3 una operaci\u00f3n conjunta para la localizaci\u00f3n, detenci\u00f3n y total esclarecimiento de los il\u00edcitos penales cometidos por estas personas investigadas.<\/p>\n\n\n\n<figure class=\"wp-block-image size-full\"><img decoding=\"async\" width=\"688\" height=\"401\" src=\"https:\/\/www.lafresca.fm\/f-solosog\/2024\/02\/Captura-1-1.png\" alt=\"\" class=\"wp-image-11379\"\/><\/figure>\n\n\n\n<p>Los agentes de los grupos investigadores implicados centraron sus sospechas en tres hombres y dos mujeres de entre 29 y 41 a\u00f1os de edad, todos con antecedentes por delitos similares.<\/p>\n\n\n\n<p>Tras acreditar la participaci\u00f3n de los sospechosos en los delitos investigados, se procedi\u00f3 a la detenci\u00f3n de dos hombres en Elda que ingresaron en prisi\u00f3n por estos hechos. Tambi\u00e9n arrestaron a una mujer en Canals (Valencia), que qued\u00f3 en libertad con medidas cautelares.<\/p>\n\n\n\n<p>Otros dos miembros de la banda, un hombre y una mujer, fueron investigados en el Centro Penitenciario de Alicante, donde se encontraban ingresados en prisi\u00f3n preventiva por un delito grave cometido en la localidad de Elda el pasado a\u00f1o.<\/p>\n\n\n\n<p>Adem\u00e1s, los dos cuchillos utilizados en los robos, fueron intervenidos, as\u00ed como dos tel\u00e9fonos m\u00f3viles sustra\u00eddos que fueron devueltos a sus leg\u00edtimos due\u00f1os.<\/p>\n\n\n\n<p>A los implicados se les imputan m\u00faltiples delitos, incluyendo uno de homicidio en grado de tentativa, cuatro de robo con violencia e intimidaci\u00f3n, dos de estafa bancaria por utilizar las tarjetas sustra\u00eddas, uno de apropiaci\u00f3n indebida por no devolver el veh\u00edculo utilizado, uno de lesiones y uno de falsedad documental, por haber modificado la matr\u00edcula del veh\u00edculo utilizado.<\/p>\n\n\n\n<p>El Juzgado de Instrucci\u00f3n n\u00famero 1 de Ibi, es el \u00f3rgano judicial que se ha hecho cargo de las actuaciones judiciales.<\/p>\n<script>function PlayerjsAsync(){} if(window[\"Playerjs\"]){PlayerjsAsync();}<\/script>","protected":false},"excerpt":{"rendered":"<p>Uno de las agresiones ocurri\u00f3 en una zona de ocio de Ibi, donde la v\u00edctima sufri\u00f3 graves lesiones de arma blanca<\/p>\n","protected":false},"author":2,"featured_media":11378,"comment_status":"closed","ping_status":"closed","sticky":false,"template":"","format":"standard","meta":{"_monsterinsights_skip_tracking":false,"_monsterinsights_sitenote_active":false,"_monsterinsights_sitenote_note":"","_monsterinsights_sitenote_category":0,"footnotes":""},"categories":[4],"tags":[146,128],"class_list":["post-11377","post","type-post","status-publish","format-standard","has-post-thumbnail","hentry","category-alicante","tag-biar","tag-ibi"],"aioseo_notices":[],"_links":{"self":[{"href":"https:\/\/www.lafresca.fm\/fresca-api-json\/wp\/v2\/posts\/11377","targetHints":{"allow":["GET"]}}],"collection":[{"href":"https:\/\/www.lafresca.fm\/fresca-api-json\/wp\/v2\/posts"}],"about":[{"href":"https:\/\/www.lafresca.fm\/fresca-api-json\/wp\/v2\/types\/post"}],"author":[{"embeddable":true,"href":"https:\/\/www.lafresca.fm\/fresca-api-json\/wp\/v2\/users\/2"}],"replies":[{"embeddable":true,"href":"https:\/\/www.lafresca.fm\/fresca-api-json\/wp\/v2\/comments?post=11377"}],"version-history":[{"count":1,"href":"https:\/\/www.lafresca.fm\/fresca-api-json\/wp\/v2\/posts\/11377\/revisions"}],"predecessor-version":[{"id":11380,"href":"https:\/\/www.lafresca.fm\/fresca-api-json\/wp\/v2\/posts\/11377\/revisions\/11380"}],"wp:featuredmedia":[{"embeddable":true,"href":"https:\/\/www.lafresca.fm\/fresca-api-json\/wp\/v2\/media\/11378"}],"wp:attachment":[{"href":"https:\/\/www.lafresca.fm\/fresca-api-json\/wp\/v2\/media?parent=11377"}],"wp:term":[{"taxonomy":"category","embeddable":true,"href":"https:\/\/www.lafresca.fm\/fresca-api-json\/wp\/v2\/categories?post=11377"},{"taxonomy":"post_tag","embeddable":true,"href":"https:\/\/www.lafresca.fm\/fresca-api-json\/wp\/v2\/tags?post=11377"}],"curies":[{"name":"wp","href":"https:\/\/api.w.org\/{rel}","templated":true}]}}