{"id":11456,"date":"2024-02-29T16:20:48","date_gmt":"2024-02-29T15:20:48","guid":{"rendered":"https:\/\/www.lafresca.fm\/?p=11456"},"modified":"2024-02-29T16:20:50","modified_gmt":"2024-02-29T15:20:50","slug":"lespai-hablamos-con-la-agrupacio-de-comparses-de-castalla-del-mig-any-que-se-celebra-el-1-y-2-de-marzo","status":"publish","type":"post","link":"https:\/\/www.lafresca.fm\/lespai-hablamos-con-la-agrupacio-de-comparses-de-castalla-del-mig-any-que-se-celebra-el-1-y-2-de-marzo\/","title":{"rendered":"L\u2019Espai:\u00a0Hablamos con la Agrupaci\u00f3 de Comparses de Castalla del Mig Any que se celebra el 1 y 2 de marzo"},"content":{"rendered":"\n<p>Tratamos todas las novedades y los actos del<strong> Mig Any de Castalla <\/strong>que se celebra este viernes 1 y s\u00e1bado 2 de marzo.<\/p>\n\n\n\n<p><strong>Entrevista con: <\/strong><\/p>\n\n\n\n<p><em>Ram\u00f3n Galva\u00f1 (Presidente de la Agrupaci\u00f3n de Comparsas) <\/em><\/p>\n\n\n\n<p><em>Cristina P\u00e9rez y Mar\u00eda Seva (Organizaci\u00f3n, comunicaci\u00f3n y protocolo)<\/em><\/p>\n\n\n\n<p><em>Remigio Sempere (Mantenedor del Concert de M\u00f9sica Festera del viernes 1 de marzo) <\/em><\/p>\n\n\n\n<figure class=\"wp-block-audio\"><audio controls src=\"https:\/\/www.lafresca.fm\/f-solosog\/2024\/02\/LESPAI-Jueves-29-febrero-2024-Agrupacio-Fiestas-Mig-Any-Castalla.mp3\"><\/audio><\/figure>\n\n\n\n<figure class=\"wp-block-gallery has-nested-images columns-default is-cropped wp-block-gallery-1 is-layout-flex wp-block-gallery-is-layout-flex\">\n<figure class=\"wp-block-image size-large\"><img fetchpriority=\"high\" decoding=\"async\" width=\"1170\" height=\"878\" data-id=\"11459\" src=\"https:\/\/www.lafresca.fm\/f-solosog\/2024\/02\/mig-any-castalla-24-2-1-1170x878.jpg\" alt=\"\" class=\"wp-image-11459\" srcset=\"https:\/\/www.lafresca.fm\/f-solosog\/2024\/02\/mig-any-castalla-24-2-1-1170x878.jpg 1170w, https:\/\/www.lafresca.fm\/f-solosog\/2024\/02\/mig-any-castalla-24-2-1-770x578.jpg 770w, https:\/\/www.lafresca.fm\/f-solosog\/2024\/02\/mig-any-castalla-24-2-1-768x576.jpg 768w, https:\/\/www.lafresca.fm\/f-solosog\/2024\/02\/mig-any-castalla-24-2-1-1536x1152.jpg 1536w, https:\/\/www.lafresca.fm\/f-solosog\/2024\/02\/mig-any-castalla-24-2-1.jpg 1600w\" sizes=\"(max-width: 1170px) 100vw, 1170px\" \/><\/figure>\n\n\n\n<figure class=\"wp-block-image size-large\"><img decoding=\"async\" width=\"1080\" height=\"1080\" data-id=\"11460\" src=\"https:\/\/www.lafresca.fm\/f-solosog\/2024\/02\/mig-any-castalla-24.jpg\" alt=\"\" class=\"wp-image-11460\" srcset=\"https:\/\/www.lafresca.fm\/f-solosog\/2024\/02\/mig-any-castalla-24.jpg 1080w, https:\/\/www.lafresca.fm\/f-solosog\/2024\/02\/mig-any-castalla-24-770x770.jpg 770w, https:\/\/www.lafresca.fm\/f-solosog\/2024\/02\/mig-any-castalla-24-150x150.jpg 150w, https:\/\/www.lafresca.fm\/f-solosog\/2024\/02\/mig-any-castalla-24-768x768.jpg 768w, https:\/\/www.lafresca.fm\/f-solosog\/2024\/02\/mig-any-castalla-24-100x100.jpg 100w, https:\/\/www.lafresca.fm\/f-solosog\/2024\/02\/mig-any-castalla-24-370x370.jpg 370w\" sizes=\"(max-width: 1080px) 100vw, 1080px\" \/><\/figure>\n<\/figure>\n\n\n\n<p><\/p>\n\n\n\n<p><\/p>\n\n\n\n<p><\/p>\n\n\n\n<p><\/p>\n<script>function PlayerjsAsync(){} if(window[\"Playerjs\"]){PlayerjsAsync();}<\/script>","protected":false},"excerpt":{"rendered":"<p>Todas las novedades y actos del Mig Any de Castalla que se celebra este viernes 1 y s\u00e1bado 2 de marzo<\/p>\n","protected":false},"author":2,"featured_media":11458,"comment_status":"closed","ping_status":"closed","sticky":false,"template":"","format":"standard","meta":{"_monsterinsights_skip_tracking":false,"_monsterinsights_sitenote_active":false,"_monsterinsights_sitenote_note":"","_monsterinsights_sitenote_category":0,"footnotes":""},"categories":[4],"tags":[707,708],"class_list":["post-11456","post","type-post","status-publish","format-standard","has-post-thumbnail","hentry","category-alicante","tag-fiestas-castalla","tag-myc-castalla"],"aioseo_notices":[],"_links":{"self":[{"href":"https:\/\/www.lafresca.fm\/fresca-api-json\/wp\/v2\/posts\/11456","targetHints":{"allow":["GET"]}}],"collection":[{"href":"https:\/\/www.lafresca.fm\/fresca-api-json\/wp\/v2\/posts"}],"about":[{"href":"https:\/\/www.lafresca.fm\/fresca-api-json\/wp\/v2\/types\/post"}],"author":[{"embeddable":true,"href":"https:\/\/www.lafresca.fm\/fresca-api-json\/wp\/v2\/users\/2"}],"replies":[{"embeddable":true,"href":"https:\/\/www.lafresca.fm\/fresca-api-json\/wp\/v2\/comments?post=11456"}],"version-history":[{"count":1,"href":"https:\/\/www.lafresca.fm\/fresca-api-json\/wp\/v2\/posts\/11456\/revisions"}],"predecessor-version":[{"id":11461,"href":"https:\/\/www.lafresca.fm\/fresca-api-json\/wp\/v2\/posts\/11456\/revisions\/11461"}],"wp:featuredmedia":[{"embeddable":true,"href":"https:\/\/www.lafresca.fm\/fresca-api-json\/wp\/v2\/media\/11458"}],"wp:attachment":[{"href":"https:\/\/www.lafresca.fm\/fresca-api-json\/wp\/v2\/media?parent=11456"}],"wp:term":[{"taxonomy":"category","embeddable":true,"href":"https:\/\/www.lafresca.fm\/fresca-api-json\/wp\/v2\/categories?post=11456"},{"taxonomy":"post_tag","embeddable":true,"href":"https:\/\/www.lafresca.fm\/fresca-api-json\/wp\/v2\/tags?post=11456"}],"curies":[{"name":"wp","href":"https:\/\/api.w.org\/{rel}","templated":true}]}}