{"id":11462,"date":"2024-02-29T16:57:29","date_gmt":"2024-02-29T15:57:29","guid":{"rendered":"https:\/\/www.lafresca.fm\/?p=11462"},"modified":"2024-02-29T16:57:30","modified_gmt":"2024-02-29T15:57:30","slug":"el-cto-autonomico-de-fedi-en-onil-servira-para-conformar-la-seleccion-valenciana-de-personas-con-discapacidad-intelectual","status":"publish","type":"post","link":"https:\/\/www.lafresca.fm\/el-cto-autonomico-de-fedi-en-onil-servira-para-conformar-la-seleccion-valenciana-de-personas-con-discapacidad-intelectual\/","title":{"rendered":"El CTO. Auton\u00f3mico de FEDI en Onil servir\u00e1 para conformar la Selecci\u00f3n Valenciana de Personas con Discapacidad Intelectual"},"content":{"rendered":"\n<p><em>La prueba reunir\u00e1 este s\u00e1bado destacados atletas de \u00e9sta y otras federaciones de deporte adaptado como Jos\u00e9 Carlos L\u00f3pez, Empar Vizca\u00edno, Elena Latre o Judith Tortosa<\/em><\/p>\n\n\n\n<p>La pista de atletismo \u201cJavier Arques\u201d de Onil (Alicante) se convertir\u00e1 este s\u00e1bado 2 de marzo en epicentro valenciano del atletismo adaptado, con la celebraci\u00f3n del Campeonato Auton\u00f3mico de Atletismo de FEDI-CV, la Federaci\u00f3n de Deportes para Personas con Discapacidad Intelectual de la Comunidad Valenciana. Se trata de una prueba organizada por esta entidad contando con la colaboraci\u00f3n del Ayuntamiento de Onil, la participaci\u00f3n en la cual es condicion obligatoria para ser incluido en la Selecci\u00f3n Valenciana que se desplazar\u00e1 al Campeonato de Espa\u00f1a de Selecciones Auton\u00f3micas FEDDI.<\/p>\n\n\n\n<p>La competici\u00f3n, que se desarrollar\u00e1 en horario de 10:00 a 14:00 horas, incluir\u00e1 tanto concursos de lanzamientos y saltos como carreras en diversas distancias y modalidades, tanto absolutas como para j\u00f3venes competidores, reuniendo a cerca de un centenar de deportistas y t\u00e9cnicos tanto de esta federaci\u00f3n como de otras federaciones de deporte adaptado que competiran en la modalidad \u201cOpen\u201d, abierta tambi\u00e9n a deportistas convencionales.<\/p>\n\n\n\n<p>Entre los deportistas FEDI-CV m\u00e1s destacados se encuentran Jos\u00e9 Carlos Lopez, reciente medalla de bronce en el Mundial de Atletismo en Pista Cubierta Virtus Sport disputado en Reims (Francia) el pasado fin de semana o Empar Vizca\u00edno, reciente Campeona de Espa\u00f1a de Cross en el campeonato absoluto de esta modalidad celebrado el 11 de febrero en Santander. En las pruebas \u201cOpen\u201d se contar\u00e1 tambi\u00e9n con destacados nombres como los de Elena Latre, actual plusmarquista nacional en lanzamiento de peso y disco femenino en la categoria F40, o Judith Tortosa, medalla de bronce en la prueba de 100 metros T72 femenino del Mundial de Para Atletismo de Par\u00eds 2023.<\/p>\n\n\n\n<p><strong>Escucha la entrevista que mantuvimos con el presidente de FEDI-CV, Juan collado y con el concejal de deportes de Onil, \u00d3scar Bernab\u00e9u<\/strong><\/p>\n\n\n\n<figure class=\"wp-block-embed is-type-wp-embed is-provider-lafresca wp-block-embed-lafresca\"><div class=\"wp-block-embed__wrapper\">\n<blockquote class=\"wp-embedded-content\" data-secret=\"pkTnZh7xQK\"><a href=\"https:\/\/www.lafresca.fm\/entrevista-cto-autonomico-de-atletismo-para-personas-con-discapacidad-el-sabado-2-de-marzo-en-onil\/\">Entrevista: CTO. Auton\u00f3mico de Atletismo para Personas con Discapacidad el s\u00e1bado 2 de marzo en Onil<\/a><\/blockquote><iframe class=\"wp-embedded-content\" sandbox=\"allow-scripts\" security=\"restricted\" style=\"position: absolute; clip: rect(1px, 1px, 1px, 1px);\" title=\"\u00abEntrevista: CTO. Auton\u00f3mico de Atletismo para Personas con Discapacidad el s\u00e1bado 2 de marzo en Onil\u00bb \u2014 laFRESCA\" src=\"https:\/\/www.lafresca.fm\/entrevista-cto-autonomico-de-atletismo-para-personas-con-discapacidad-el-sabado-2-de-marzo-en-onil\/embed\/#?secret=EgL30YUVnW#?secret=pkTnZh7xQK\" data-secret=\"pkTnZh7xQK\" width=\"600\" height=\"338\" frameborder=\"0\" marginwidth=\"0\" marginheight=\"0\" scrolling=\"no\"><\/iframe>\n<\/div><\/figure>\n\n\n\n<p><\/p>\n<script>function PlayerjsAsync(){} if(window[\"Playerjs\"]){PlayerjsAsync();}<\/script>","protected":false},"excerpt":{"rendered":"<p>La prueba reunir\u00e1 este s\u00e1bado destacados atletas de \u00e9sta y otras federaciones de deporte adaptado como Jos\u00e9 Carlos L\u00f3pez, Empar Vizca\u00edno, Elena Latre o Judith Tortosa La pista de atletismo \u201cJavier Arques\u201d de Onil (Alicante) se convertir\u00e1 este s\u00e1bado 2 de marzo en epicentro valenciano del atletismo adaptado, con la ...<\/p>\n","protected":false},"author":2,"featured_media":11409,"comment_status":"closed","ping_status":"closed","sticky":false,"template":"","format":"standard","meta":{"_monsterinsights_skip_tracking":false,"_monsterinsights_sitenote_active":false,"_monsterinsights_sitenote_note":"","_monsterinsights_sitenote_category":0,"footnotes":""},"categories":[4],"tags":[709,133],"class_list":["post-11462","post","type-post","status-publish","format-standard","has-post-thumbnail","hentry","category-alicante","tag-fedi-cv","tag-onil"],"aioseo_notices":[],"_links":{"self":[{"href":"https:\/\/www.lafresca.fm\/fresca-api-json\/wp\/v2\/posts\/11462","targetHints":{"allow":["GET"]}}],"collection":[{"href":"https:\/\/www.lafresca.fm\/fresca-api-json\/wp\/v2\/posts"}],"about":[{"href":"https:\/\/www.lafresca.fm\/fresca-api-json\/wp\/v2\/types\/post"}],"author":[{"embeddable":true,"href":"https:\/\/www.lafresca.fm\/fresca-api-json\/wp\/v2\/users\/2"}],"replies":[{"embeddable":true,"href":"https:\/\/www.lafresca.fm\/fresca-api-json\/wp\/v2\/comments?post=11462"}],"version-history":[{"count":1,"href":"https:\/\/www.lafresca.fm\/fresca-api-json\/wp\/v2\/posts\/11462\/revisions"}],"predecessor-version":[{"id":11463,"href":"https:\/\/www.lafresca.fm\/fresca-api-json\/wp\/v2\/posts\/11462\/revisions\/11463"}],"wp:featuredmedia":[{"embeddable":true,"href":"https:\/\/www.lafresca.fm\/fresca-api-json\/wp\/v2\/media\/11409"}],"wp:attachment":[{"href":"https:\/\/www.lafresca.fm\/fresca-api-json\/wp\/v2\/media?parent=11462"}],"wp:term":[{"taxonomy":"category","embeddable":true,"href":"https:\/\/www.lafresca.fm\/fresca-api-json\/wp\/v2\/categories?post=11462"},{"taxonomy":"post_tag","embeddable":true,"href":"https:\/\/www.lafresca.fm\/fresca-api-json\/wp\/v2\/tags?post=11462"}],"curies":[{"name":"wp","href":"https:\/\/api.w.org\/{rel}","templated":true}]}}