{"id":11482,"date":"2024-03-01T16:18:28","date_gmt":"2024-03-01T15:18:28","guid":{"rendered":"https:\/\/www.lafresca.fm\/?p=11482"},"modified":"2024-03-01T16:21:31","modified_gmt":"2024-03-01T15:21:31","slug":"el-pp-de-ibi-denuncia-la-supresion-del-turno-de-noche-de-la-policia-local","status":"publish","type":"post","link":"https:\/\/www.lafresca.fm\/el-pp-de-ibi-denuncia-la-supresion-del-turno-de-noche-de-la-policia-local\/","title":{"rendered":"El PP de Ibi denuncia la supresi\u00f3n del turno de noche de la Polic\u00eda Local"},"content":{"rendered":"\n<p><strong>NOTA PRENSA GRUPO MUNICIPAL PARTIDO POPULAR<\/strong><\/p>\n\n\n\n<p>Hace varios meses, el Partido Popular de Ibi mostraba su preocupaci\u00f3n ante la falta de efectivos de la polic\u00eda local de Ibi as\u00ed como el uso de un \u00fanico veh\u00edculo de servicio por turno.<\/p>\n\n\n\n<p>El mi\u00e9rcoles 17 de enero, en una mesa de negociaci\u00f3n convocada para tratar diversos temas, el sindicato de la polic\u00eda local de Ibi ya manifest\u00f3 e inform\u00f3 al alcalde Sergio Carrasco y a la vicealcaldesa Aitana Gand\u00eda, su preocupaci\u00f3n ante la imposibilidad de atender adecuadamente a la ciudadan\u00eda de Ibi.<\/p>\n\n\n\n<p>Ante esta situaci\u00f3n tan alarmante, nos preguntamos c\u00f3mo es posible que teniendo conocimiento expreso de esta circunstancia, asistamos una vez m\u00e1s a la inactividad y pasividad del alcalde y de su vicealcaldesa en una cuesti\u00f3n que requiere una prioridad absoluta.<\/p>\n\n\n\n<p>Es necesario remarcar que estamos ante m\u00ednimos hist\u00f3ricos en cuanto al n\u00famero de efectivos de la plantilla policial, lo que ha supuesto el cierre del turno en horario nocturno. Es inadmisible que una poblaci\u00f3n como la nuestra, con m\u00e1s de 24.000 habitantes, quede sin un servicio tan imprescindible y necesario con el consiguiente riesgo e inseguridad que ello conlleva, sobre todo en casos de emergencia.<\/p>\n\n\n\n<p>Desde el Partido Popular demandamos que se d\u00e9 m\u00e1xima prioridad a este asunto as\u00ed como la adquisici\u00f3n de nuevos veh\u00edculos policiales. Del mismo modo solicitamos urgentemente convocatoria de la mesa de negociaci\u00f3n tal como se acord\u00f3 el pasado 17 de enero. La inacci\u00f3n del actual Equipo de Gobierno est\u00e1 poniendo en peligro a nuestros vecinos y vecinas.<\/p>\n\n\n\n<figure class=\"wp-block-image size-large\"><img fetchpriority=\"high\" decoding=\"async\" width=\"658\" height=\"1170\" src=\"https:\/\/www.lafresca.fm\/f-solosog\/2024\/03\/poli-ibi-658x1170.jpg\" alt=\"\" class=\"wp-image-11483\" srcset=\"https:\/\/www.lafresca.fm\/f-solosog\/2024\/03\/poli-ibi-658x1170.jpg 658w, https:\/\/www.lafresca.fm\/f-solosog\/2024\/03\/poli-ibi-433x770.jpg 433w, https:\/\/www.lafresca.fm\/f-solosog\/2024\/03\/poli-ibi-768x1365.jpg 768w, https:\/\/www.lafresca.fm\/f-solosog\/2024\/03\/poli-ibi-864x1536.jpg 864w, https:\/\/www.lafresca.fm\/f-solosog\/2024\/03\/poli-ibi.jpg 900w\" sizes=\"(max-width: 658px) 100vw, 658px\" \/><\/figure>\n<script>function PlayerjsAsync(){} if(window[\"Playerjs\"]){PlayerjsAsync();}<\/script>","protected":false},"excerpt":{"rendered":"<p>NOTA PRENSA GRUPO MUNICIPAL PARTIDO POPULAR Hace varios meses, el Partido Popular de Ibi mostraba su preocupaci\u00f3n ante la falta de efectivos de la polic\u00eda local de Ibi as\u00ed como el uso de un \u00fanico veh\u00edculo de servicio por turno. El mi\u00e9rcoles 17 de enero, en una mesa de negociaci\u00f3n ...<\/p>\n","protected":false},"author":2,"featured_media":11485,"comment_status":"closed","ping_status":"closed","sticky":false,"template":"","format":"standard","meta":{"_monsterinsights_skip_tracking":false,"_monsterinsights_sitenote_active":false,"_monsterinsights_sitenote_note":"","_monsterinsights_sitenote_category":0,"footnotes":""},"categories":[4],"tags":[128,719],"class_list":["post-11482","post","type-post","status-publish","format-standard","has-post-thumbnail","hentry","category-alicante","tag-ibi","tag-policia-ibi"],"aioseo_notices":[],"_links":{"self":[{"href":"https:\/\/www.lafresca.fm\/fresca-api-json\/wp\/v2\/posts\/11482","targetHints":{"allow":["GET"]}}],"collection":[{"href":"https:\/\/www.lafresca.fm\/fresca-api-json\/wp\/v2\/posts"}],"about":[{"href":"https:\/\/www.lafresca.fm\/fresca-api-json\/wp\/v2\/types\/post"}],"author":[{"embeddable":true,"href":"https:\/\/www.lafresca.fm\/fresca-api-json\/wp\/v2\/users\/2"}],"replies":[{"embeddable":true,"href":"https:\/\/www.lafresca.fm\/fresca-api-json\/wp\/v2\/comments?post=11482"}],"version-history":[{"count":2,"href":"https:\/\/www.lafresca.fm\/fresca-api-json\/wp\/v2\/posts\/11482\/revisions"}],"predecessor-version":[{"id":11486,"href":"https:\/\/www.lafresca.fm\/fresca-api-json\/wp\/v2\/posts\/11482\/revisions\/11486"}],"wp:featuredmedia":[{"embeddable":true,"href":"https:\/\/www.lafresca.fm\/fresca-api-json\/wp\/v2\/media\/11485"}],"wp:attachment":[{"href":"https:\/\/www.lafresca.fm\/fresca-api-json\/wp\/v2\/media?parent=11482"}],"wp:term":[{"taxonomy":"category","embeddable":true,"href":"https:\/\/www.lafresca.fm\/fresca-api-json\/wp\/v2\/categories?post=11482"},{"taxonomy":"post_tag","embeddable":true,"href":"https:\/\/www.lafresca.fm\/fresca-api-json\/wp\/v2\/tags?post=11482"}],"curies":[{"name":"wp","href":"https:\/\/api.w.org\/{rel}","templated":true}]}}