{"id":11508,"date":"2024-03-05T12:05:19","date_gmt":"2024-03-05T11:05:19","guid":{"rendered":"https:\/\/www.lafresca.fm\/?p=11508"},"modified":"2024-03-05T12:05:21","modified_gmt":"2024-03-05T11:05:21","slug":"cristina-tango-pp-onil-se-pasa-a-los-no-adscritos-y-denuncia-insultos-y-acoso-por-parte-de-la-asesora-contratada-por-el-alcalde","status":"publish","type":"post","link":"https:\/\/www.lafresca.fm\/cristina-tango-pp-onil-se-pasa-a-los-no-adscritos-y-denuncia-insultos-y-acoso-por-parte-de-la-asesora-contratada-por-el-alcalde\/","title":{"rendered":"Cristina Tango (PP Onil), se pasa a los &#8216;no adscritos&#8217; y denuncia insultos y acoso por parte de la asesora contratada por el alcalde"},"content":{"rendered":"\n<p>COMUNICADO RUEDA DE PRENSA DE CRISTINA TANGO OLLER:<\/p>\n\n\n\n<p>En el d\u00eda de hoy realizo estas declaraciones; meditadas y fundadas, con el objetivo de que el pueblo de Onil sea conocedor de los hechos que tienen lugar en lo m\u00e1s profundo del Ayuntamiento de Onil, supuestamente la casa de todos.<\/p>\n\n\n\n<p>Desde 2011 formo parte del Partido Popular de Onil y actualmente soy la secretaria del mismo. Gestion\u00e9 la campa\u00f1a electoral del partido que nos llev\u00f3 a la victoria en 2023.<\/p>\n\n\n\n<p>Tengo muy clara mi misi\u00f3n, visi\u00f3n y valores y hoy me presento con respeto a cada uno de los simpatizantes del partido popular y tambi\u00e9n a todos mis vecinos. Todos merec\u00e9is saber lo que est\u00e1 ocurriendo en estos tiempos oscuros para nuestra localidad. Siempre he pensado que con la verdad se llega muy lejos, pero no es cierto. En pol\u00edtica no.<\/p>\n\n\n\n<p>Suele ocurrir que las instituciones cuando est\u00e1n gobernadas por personas que anteponen sus intereses personales al del colectivo, manipulan la verdad y los hechos hasta que coinciden con el relato que quieren sembrar en una sociedad.<\/p>\n\n\n\n<figure class=\"wp-block-image size-large\"><img fetchpriority=\"high\" decoding=\"async\" width=\"1170\" height=\"944\" src=\"https:\/\/www.lafresca.fm\/f-solosog\/2024\/03\/7d829a80-b1d9-4d22-b785-93f4431c487e-1170x944.jpeg\" alt=\"\" class=\"wp-image-11509\" srcset=\"https:\/\/www.lafresca.fm\/f-solosog\/2024\/03\/7d829a80-b1d9-4d22-b785-93f4431c487e-1170x944.jpeg 1170w, https:\/\/www.lafresca.fm\/f-solosog\/2024\/03\/7d829a80-b1d9-4d22-b785-93f4431c487e-770x621.jpeg 770w, https:\/\/www.lafresca.fm\/f-solosog\/2024\/03\/7d829a80-b1d9-4d22-b785-93f4431c487e-768x620.jpeg 768w, https:\/\/www.lafresca.fm\/f-solosog\/2024\/03\/7d829a80-b1d9-4d22-b785-93f4431c487e.jpeg 1200w\" sizes=\"(max-width: 1170px) 100vw, 1170px\" \/><\/figure>\n\n\n\n<p>Hace unas semanas hice unas declaraciones absolutamente veraces que no han tenido contestaci\u00f3n. Como un avestruz que esconde la cabeza bajo tierra cuando ve el peligro, el equipo de Gobierno se ha limitado dejar pasar el tiempo por miedo a que la verdad salga a la luz.<\/p>\n\n\n\n<p>Estoy en completo desacuerdo con la contrataci\u00f3n que tuvo lugar el pasado mes de septiembre, de la empresa INTEGRITY BUSINESS BIP S.L. Cuya administradora \u00fanica es: BEGO\u00d1A MARIA GOZALBES CUTILLAS, persona, que viene cada semana a asesorar a nuestro pueblo, por orden y gracia del actual Alcalde Jaime Berenguer.<\/p>\n\n\n\n<p>El insulto desde el primer momento fue la forma de dirigirse a m\u00ed, y sucesivamente con un lenguaje ofensivo y desafiante sin yo haber provocado nada en absoluto. S\u00edntomas de lo que alberga esta Asesora en su interior y que se promociona como coaching. Es la primera vez que conozco a un coach que insulta y habla de forma agresiva.<\/p>\n\n\n\n<p>Otras personas han sufrido esta situaci\u00f3n, pero lamentablemente he sido la \u00fanica que se ha atrevido a decirlo p\u00fablicamente, de nuevo el silencio de las v\u00edctimas, tan habitual en nuestro pa\u00eds. Esta situaci\u00f3n es bien conocida por Jaime Berenguer, que nunca se acerc\u00f3 a preguntar c\u00f3mo me encontraba ni lleg\u00f3 a mediar con eficiencia, se limit\u00f3 a decir a la Asesora que ten\u00eda que contenerse en el modo de hablar, pero nada m\u00e1s, hizo lo m\u00ednimo para sentirse bien consigo mismo.<\/p>\n\n\n\n<p>La asesor\u00eda INTEGRITY BUSINESS BIP S.L. contratada por el mismo Jaime Berenguer con el dinero de todos, debe ser imparcial e independiente al grupo de gobierno, sin embargo s\u00f3lo se presenta en las reuniones y concentraciones exclusivas del Partido Popular en Alicante o en Biar seg\u00fan comentan adem\u00e1s de estar presente en reuniones privadas del propio partido a nivel de gobierno y a nivel privado.<\/p>\n\n\n\n<p>Como en cualquier aspecto de la vida, cuando realmente nos comprometemos lo damos todo. \u00bfOs imagin\u00e1is c\u00f3mo ser\u00eda contratar a una persona que lo primero que te dice es que no va a rendir al m\u00e1ximo pero que va a estar en una posici\u00f3n clave para el funcionamiento de una empresa?<\/p>\n\n\n\n<p>Al igual que el amor no funciona si no es incondicional al 100%, Jaime Berenguer actual \u201cAlcalde\u201d de Onil es incapaz de gobernar nuestro preciado pueblo con su 70% de dedicaci\u00f3n. Actualmente nos encontramos en un \u201cquiero y no puedo\u201d. Quiero ser Alcalde de Onil pero al 70%, el otro 30% no se va a notar si el Ayuntamiento lo dirige otra persona, aunque sea de fuera y le importemos nada, porque para esta Asesora Onil es s\u00f3lo el lugar donde seguir engordando su cuenta bancaria a casi 3000\u20ac al mes. <\/p>\n\n\n\n<p>Pero no todo era felicidad, porque para m\u00ed las personas son antes que los partidos, y esa visi\u00f3n la he tenido cristalina siempre; primero el bienestar de todos los vecinos de Onil, luego obedecer \u00f3rdenes del partido que chocan frontalmente con las necesidades del pueblo.<\/p>\n\n\n\n<p>Jaime Berenguer en vez de corregir esta situaci\u00f3n, me retir\u00f3 la concejal\u00eda de comunicaci\u00f3n primero y luego, como todos saben, el resto de concejal\u00edas antes del \u00faltimo pleno de febrero y sin dar cuenta al resto de grupos pol\u00edticos y al pueblo de Onil y desde luego a m\u00ed tampoco. Todo ello sin olvidar la misteriosa desaparici\u00f3n de la grabaci\u00f3n del pleno de enero, despu\u00e9s de que una concejal de la oposici\u00f3n le dijera al alcalde que estaba en contradicci\u00f3n con una respuesta del pleno de enero y con la de febrero que ten\u00eda que ver casualmente con la Asesora. As\u00ed es como funciona el control de la informaci\u00f3n, el control de las personas, haciendo desaparecer plenos hasta que se gana tiempo e inventa un relato, por si alguien pregunta de nuevo. Tambi\u00e9n funciona<br>llamando a algunos medios de comunicaci\u00f3n para que no se presenten hoy aqu\u00ed, por ejemplo. Las tretas y manipulaci\u00f3n que tanto vemos en la televisi\u00f3n y que siempre damos por hecho que nunca pueden ocurrir en una pueblo tan peque\u00f1o y lleno de personas honradas como el nuestro.<\/p>\n\n\n\n<p>Teniendo en cuenta todo esto y siendo yo un impedimento para que aquello que entiendo como \u201cla maldad\u201d en su estado m\u00e1s puro crezca, \u00bfC\u00f3mo no va a ser necesario eliminarme? El mal destruye, y eso es lo que han tratado de hacer conmigo.<\/p>\n\n\n\n<p>Ante las acusaciones, que parece ser que mi propio grupo ha extendido de m\u00ed, con la intenci\u00f3n de destruir mi reputaci\u00f3n para salir airosos de un callej\u00f3n sin salida que no les es favorable. Ante el intento de marcar a mi propia familia, manipulando la realidad a voluntad y peor a\u00fan, utilizando la fe ciega de nuestros simpatizantes; debo decir que no he tenido ning\u00fan enriquecimiento il\u00edcito y no he promovido ning\u00fan tipo de malversaci\u00f3n, muy al contrario, mi gesti\u00f3n se ha basado siempre en conseguir el mayor beneficio del pueblo y as\u00ed lo demuestran los resultados, por m\u00e1s que quieran taparlos.<\/p>\n\n\n\n<p>Estoy convencida de que los tiempos de hacer pol\u00edticas de ciudad, aquellas en las que se puede hundir a una persona y quedar impunes deben terminar. Los ciudadanos deben ser el centro de la gesti\u00f3n municipal y la gesti\u00f3n debe ser llevada a cabo por un equipo capaz, de personas honestas que no falten continuamente a la verdad.<\/p>\n\n\n\n<p>Dec\u00eda al comienzo que con la verdad no se llega muy lejos en pol\u00edtica. Pero con las pruebas s\u00ed. Por eso voy a solicitar en el pr\u00f3ximo pleno que todos los concejales del Partido Popular firmen un documento para hacer p\u00fablicas las pruebas que demuestran que todo lo que he dicho es cierto. Este documento tendr\u00e1 que ser firmado por todos ellos y las pruebas se pondr\u00e1n inmediatamente en manos de todos los medios de comunicaci\u00f3n. Finalmente el pueblo podr\u00e1 juzgar qu\u00e9 ha ocurrido de verdad durante estos meses y c\u00f3mo hemos llegado hasta aqu\u00ed.<\/p>\n\n\n\n<p>Estoy convencida de que si hoy hubieran elecciones, probablemente el pueblo de Onil no votar\u00eda al actual \u201cSegundo Alcalde de Onil: Jaume Berenguer\u201d. Onil debe ser gobernado por los colivencs. Por lo que exijo la destituci\u00f3n de la Asesora y la dimisi\u00f3n equipo de Gobierno.<\/p>\n\n\n\n<p>Es por esto, que hoy anuncio y asumo con determinaci\u00f3n mi paso al grupo de no adscritos en el M.I. Ayuntamiento de Onil, con el compromiso firme de seguir trabajando en apoyo y defensa de mi pueblo, donde llevo m\u00e1s de 30 a\u00f1os dedicada a asociaciones sin \u00e1nimo de lucro y teniendo por bandera la transparencia municipal que merecen las familias y vecinos que dan vida y sentido a nuestra localidad.<\/p>\n\n\n\n<p>Quiero agradecer a todas aquellas personas que me han apoyado en esta decisi\u00f3n, a esos vecinos que me han confortado en estas semanas tan dif\u00edciles y que con sus palabras de \u00e1nimo no han dejado que me hundiera.<\/p>\n\n\n\n<p>Desde aqu\u00ed quiero dirigirme no s\u00f3lo a los votantes del partido popular sino a todos y cada uno de vosotros, los que de verdad amamos nuestro pueblo. Deciros que por encima de las ideolog\u00edas est\u00e1n las personas, y que por encima de la necesidad del ansia de poder debe estar la necesidad de crecimiento social, y es a lo que de hoy en adelante me comprometo; a dar voz a todos vosotros desde el grupo de no adscritos, a dar voz a un Onil libre de pol\u00edticas oscuras<\/p>\n<script>function PlayerjsAsync(){} if(window[\"Playerjs\"]){PlayerjsAsync();}<\/script>","protected":false},"excerpt":{"rendered":"<p>Cristina Tanto ha sido hasta ahora concejal del equipo de gobierno del PP<\/p>\n","protected":false},"author":2,"featured_media":11509,"comment_status":"closed","ping_status":"closed","sticky":false,"template":"","format":"standard","meta":{"_monsterinsights_skip_tracking":false,"_monsterinsights_sitenote_active":false,"_monsterinsights_sitenote_note":"","_monsterinsights_sitenote_category":0,"footnotes":""},"categories":[4],"tags":[720,133],"class_list":["post-11508","post","type-post","status-publish","format-standard","has-post-thumbnail","hentry","category-alicante","tag-cristina-tango","tag-onil"],"aioseo_notices":[],"_links":{"self":[{"href":"https:\/\/www.lafresca.fm\/fresca-api-json\/wp\/v2\/posts\/11508","targetHints":{"allow":["GET"]}}],"collection":[{"href":"https:\/\/www.lafresca.fm\/fresca-api-json\/wp\/v2\/posts"}],"about":[{"href":"https:\/\/www.lafresca.fm\/fresca-api-json\/wp\/v2\/types\/post"}],"author":[{"embeddable":true,"href":"https:\/\/www.lafresca.fm\/fresca-api-json\/wp\/v2\/users\/2"}],"replies":[{"embeddable":true,"href":"https:\/\/www.lafresca.fm\/fresca-api-json\/wp\/v2\/comments?post=11508"}],"version-history":[{"count":1,"href":"https:\/\/www.lafresca.fm\/fresca-api-json\/wp\/v2\/posts\/11508\/revisions"}],"predecessor-version":[{"id":11510,"href":"https:\/\/www.lafresca.fm\/fresca-api-json\/wp\/v2\/posts\/11508\/revisions\/11510"}],"wp:featuredmedia":[{"embeddable":true,"href":"https:\/\/www.lafresca.fm\/fresca-api-json\/wp\/v2\/media\/11509"}],"wp:attachment":[{"href":"https:\/\/www.lafresca.fm\/fresca-api-json\/wp\/v2\/media?parent=11508"}],"wp:term":[{"taxonomy":"category","embeddable":true,"href":"https:\/\/www.lafresca.fm\/fresca-api-json\/wp\/v2\/categories?post=11508"},{"taxonomy":"post_tag","embeddable":true,"href":"https:\/\/www.lafresca.fm\/fresca-api-json\/wp\/v2\/tags?post=11508"}],"curies":[{"name":"wp","href":"https:\/\/api.w.org\/{rel}","templated":true}]}}