{"id":11511,"date":"2024-03-06T15:25:32","date_gmt":"2024-03-06T14:25:32","guid":{"rendered":"https:\/\/www.lafresca.fm\/?p=11511"},"modified":"2024-03-06T15:25:39","modified_gmt":"2024-03-06T14:25:39","slug":"presentado-el-cartel-de-la-30-a-feria-de-san-isidro-de-castalla-que-se-celebrara-del-24-al-26-de-mayo-del-2024","status":"publish","type":"post","link":"https:\/\/www.lafresca.fm\/presentado-el-cartel-de-la-30-a-feria-de-san-isidro-de-castalla-que-se-celebrara-del-24-al-26-de-mayo-del-2024\/","title":{"rendered":"Presentado el cartel de la 30.\u00aa Feria de San Isidro de Castalla, que se celebrar\u00e1 del 24 al 26 de mayo del 2024"},"content":{"rendered":"\n<p>La presentaci\u00f3n ha tenido lugar en la jornada de este mi\u00e9rcoles 6 de marzo. <\/p>\n\n\n\n<p>El acto ha estado presidido por el presidente de la Asociaci\u00f3n de Comercios de la localidad, presidente de la Asociaci\u00f3n de Talleres de Castalla, Concejal de la Feria, T\u00e9cnico de Turismo y el Alcalde de la Ciudad<\/p>\n\n\n\n<figure class=\"wp-block-audio\"><audio controls src=\"https:\/\/www.lafresca.fm\/f-solosog\/2024\/03\/RP.-Feria-san-isidro-Castalla-6324-.mp3\"><\/audio><\/figure>\n\n\n\n<p><strong>Fotograf\u00eda de laFRESCA<\/strong><\/p>\n\n\n\n<figure class=\"wp-block-image size-large\"><img fetchpriority=\"high\" decoding=\"async\" width=\"1170\" height=\"878\" src=\"https:\/\/www.lafresca.fm\/f-solosog\/2024\/03\/rp-feria-castalla-6324-1170x878.jpg\" alt=\"\" class=\"wp-image-11513\" srcset=\"https:\/\/www.lafresca.fm\/f-solosog\/2024\/03\/rp-feria-castalla-6324-1170x878.jpg 1170w, https:\/\/www.lafresca.fm\/f-solosog\/2024\/03\/rp-feria-castalla-6324-770x578.jpg 770w, https:\/\/www.lafresca.fm\/f-solosog\/2024\/03\/rp-feria-castalla-6324-768x576.jpg 768w, https:\/\/www.lafresca.fm\/f-solosog\/2024\/03\/rp-feria-castalla-6324-1536x1152.jpg 1536w, https:\/\/www.lafresca.fm\/f-solosog\/2024\/03\/rp-feria-castalla-6324.jpg 2048w\" sizes=\"(max-width: 1170px) 100vw, 1170px\" \/><\/figure>\n\n\n\n<p><\/p>\n<script>function PlayerjsAsync(){} if(window[\"Playerjs\"]){PlayerjsAsync();}<\/script>","protected":false},"excerpt":{"rendered":"<p>La presentaci\u00f3n ha tenido lugar en la jornada de este mi\u00e9rcoles 6 de marzo<\/p>\n","protected":false},"author":2,"featured_media":11513,"comment_status":"closed","ping_status":"closed","sticky":false,"template":"","format":"standard","meta":{"_monsterinsights_skip_tracking":false,"_monsterinsights_sitenote_active":false,"_monsterinsights_sitenote_note":"","_monsterinsights_sitenote_category":0,"footnotes":""},"categories":[4],"tags":[144,386],"class_list":["post-11511","post","type-post","status-publish","format-standard","has-post-thumbnail","hentry","category-alicante","tag-castalla","tag-feria-san-isidro"],"aioseo_notices":[],"_links":{"self":[{"href":"https:\/\/www.lafresca.fm\/fresca-api-json\/wp\/v2\/posts\/11511","targetHints":{"allow":["GET"]}}],"collection":[{"href":"https:\/\/www.lafresca.fm\/fresca-api-json\/wp\/v2\/posts"}],"about":[{"href":"https:\/\/www.lafresca.fm\/fresca-api-json\/wp\/v2\/types\/post"}],"author":[{"embeddable":true,"href":"https:\/\/www.lafresca.fm\/fresca-api-json\/wp\/v2\/users\/2"}],"replies":[{"embeddable":true,"href":"https:\/\/www.lafresca.fm\/fresca-api-json\/wp\/v2\/comments?post=11511"}],"version-history":[{"count":1,"href":"https:\/\/www.lafresca.fm\/fresca-api-json\/wp\/v2\/posts\/11511\/revisions"}],"predecessor-version":[{"id":11514,"href":"https:\/\/www.lafresca.fm\/fresca-api-json\/wp\/v2\/posts\/11511\/revisions\/11514"}],"wp:featuredmedia":[{"embeddable":true,"href":"https:\/\/www.lafresca.fm\/fresca-api-json\/wp\/v2\/media\/11513"}],"wp:attachment":[{"href":"https:\/\/www.lafresca.fm\/fresca-api-json\/wp\/v2\/media?parent=11511"}],"wp:term":[{"taxonomy":"category","embeddable":true,"href":"https:\/\/www.lafresca.fm\/fresca-api-json\/wp\/v2\/categories?post=11511"},{"taxonomy":"post_tag","embeddable":true,"href":"https:\/\/www.lafresca.fm\/fresca-api-json\/wp\/v2\/tags?post=11511"}],"curies":[{"name":"wp","href":"https:\/\/api.w.org\/{rel}","templated":true}]}}