{"id":11526,"date":"2024-03-08T10:52:48","date_gmt":"2024-03-08T09:52:48","guid":{"rendered":"https:\/\/www.lafresca.fm\/?p=11526"},"modified":"2024-03-08T10:52:49","modified_gmt":"2024-03-08T09:52:49","slug":"la-policia-local-de-onil-imparte-charlas-de-educacion-vial-a-los-alumnos-de-3-a-5-anos","status":"publish","type":"post","link":"https:\/\/www.lafresca.fm\/la-policia-local-de-onil-imparte-charlas-de-educacion-vial-a-los-alumnos-de-3-a-5-anos\/","title":{"rendered":"La Polic\u00eda Local de Onil imparte charlas de Educaci\u00f3n Vial a los alumnos de 3 a 5 a\u00f1os"},"content":{"rendered":"\n<p>Desde la Alcald\u00eda y Concejal\u00eda de Seguridad Ciudadana, dentro del proyecto de mejora del servicio policial al ciudadano de Onil y considerando que uno de los pilares b\u00e1sicos del respeto y convivencia en la circulaci\u00f3n vial es la Educaci\u00f3n Vial y a pesar de las limitaciones que por personal dispone Polic\u00eda Local actualmente, se ha solicitado a la Jefatura de Polic\u00eda un esfuerzo a\u00f1adido para recuperar las clases de Educaci\u00f3n Vial a los ni\u00f1os de Onil.<\/p>\n\n\n\n<p>Polic\u00eda Local, a su vez, con el compromiso firme del equipo de Gobierno de completar las recientes vacantes de la plantilla, ha programado de forma coordinada con los centros escolares, para el presente curso lectivo, clases de Educaci\u00f3n Vial.<\/p>\n\n\n\n<figure class=\"wp-block-video\"><video height=\"850\" style=\"aspect-ratio: 474 \/ 850;\" width=\"474\" controls src=\"https:\/\/www.lafresca.fm\/f-solosog\/2024\/03\/WhatsApp-Video-2024-03-07-at-18.58.41.mp4\"><\/video><\/figure>\n\n\n\n<p>Las clases han dado comienzo en marzo con charlas a los ni\u00f1os de 3, 4 y 5 a\u00f1os y se prologar\u00e1n hasta finales de mayo, en ese transcurso de tiempo se ir\u00e1n ampliando los grupos y edades, incluyendo tambi\u00e9n en la programaci\u00f3n formaci\u00f3n espec\u00edfica en materia de seguridad del uso de artificios de pirotecnia.<\/p>\n\n\n\n<p>Se finalizar\u00e1 con una campa\u00f1a de \u201cPolic\u00eda Infantil\u201d, que permitir\u00e1 realizar pr\u00e1cticas reales por las calles de la poblaci\u00f3n, donde los ni\u00f1os se convierten por un d\u00eda en \u201cverdaderos Agentes de Polic\u00eda\u201d, guiados por los propios Polic\u00edas, informando y corrigiendo las infracciones cometidas por los conductores. Es una experiencia \u00fanica, donde interaccionan de forma activa Polic\u00eda, ni\u00f1os y vecinos, haciendo mayor realidad el objetivo de una verdadera Polic\u00eda de proximidad.<\/p>\n\n\n\n<p>Resulta del todo necesario la participaci\u00f3n activa de nuestros pol\u00edticos, profesores, polic\u00edas y padres, para lograr el objetivo principal de este proyecto, que no es otro que educar a nuestros ni\u00f1os desde una edad temprana, interiorizando las normas de tr\u00e1fico con valores de respeto a los dem\u00e1s.<\/p>\n<script>function PlayerjsAsync(){} if(window[\"Playerjs\"]){PlayerjsAsync();}<\/script>","protected":false},"excerpt":{"rendered":"<p>Desde la Alcald\u00eda y Concejal\u00eda de Seguridad Ciudadana, dentro del proyecto de mejora del servicio policial al ciudadano de Onil y considerando que uno de los pilares b\u00e1sicos del respeto y convivencia en la circulaci\u00f3n vial es la Educaci\u00f3n Vial y a pesar de las limitaciones que por personal dispone ...<\/p>\n","protected":false},"author":2,"featured_media":11527,"comment_status":"closed","ping_status":"closed","sticky":false,"template":"","format":"standard","meta":{"_monsterinsights_skip_tracking":false,"_monsterinsights_sitenote_active":false,"_monsterinsights_sitenote_note":"","_monsterinsights_sitenote_category":0,"footnotes":""},"categories":[4],"tags":[133,610],"class_list":["post-11526","post","type-post","status-publish","format-standard","has-post-thumbnail","hentry","category-alicante","tag-onil","tag-policia-local-onil"],"aioseo_notices":[],"_links":{"self":[{"href":"https:\/\/www.lafresca.fm\/fresca-api-json\/wp\/v2\/posts\/11526","targetHints":{"allow":["GET"]}}],"collection":[{"href":"https:\/\/www.lafresca.fm\/fresca-api-json\/wp\/v2\/posts"}],"about":[{"href":"https:\/\/www.lafresca.fm\/fresca-api-json\/wp\/v2\/types\/post"}],"author":[{"embeddable":true,"href":"https:\/\/www.lafresca.fm\/fresca-api-json\/wp\/v2\/users\/2"}],"replies":[{"embeddable":true,"href":"https:\/\/www.lafresca.fm\/fresca-api-json\/wp\/v2\/comments?post=11526"}],"version-history":[{"count":1,"href":"https:\/\/www.lafresca.fm\/fresca-api-json\/wp\/v2\/posts\/11526\/revisions"}],"predecessor-version":[{"id":11529,"href":"https:\/\/www.lafresca.fm\/fresca-api-json\/wp\/v2\/posts\/11526\/revisions\/11529"}],"wp:featuredmedia":[{"embeddable":true,"href":"https:\/\/www.lafresca.fm\/fresca-api-json\/wp\/v2\/media\/11527"}],"wp:attachment":[{"href":"https:\/\/www.lafresca.fm\/fresca-api-json\/wp\/v2\/media?parent=11526"}],"wp:term":[{"taxonomy":"category","embeddable":true,"href":"https:\/\/www.lafresca.fm\/fresca-api-json\/wp\/v2\/categories?post=11526"},{"taxonomy":"post_tag","embeddable":true,"href":"https:\/\/www.lafresca.fm\/fresca-api-json\/wp\/v2\/tags?post=11526"}],"curies":[{"name":"wp","href":"https:\/\/api.w.org\/{rel}","templated":true}]}}