{"id":11663,"date":"2024-04-12T10:25:35","date_gmt":"2024-04-12T08:25:35","guid":{"rendered":"https:\/\/www.lafresca.fm\/?p=11663"},"modified":"2024-04-12T10:25:37","modified_gmt":"2024-04-12T08:25:37","slug":"ibi-ya-cuenta-con-unas-instalaciones-mas-amplias-para-albergar-las-oficinas-de-labora-y-sepe","status":"publish","type":"post","link":"https:\/\/www.lafresca.fm\/ibi-ya-cuenta-con-unas-instalaciones-mas-amplias-para-albergar-las-oficinas-de-labora-y-sepe\/","title":{"rendered":"Ibi ya cuenta con unas Instalaciones m\u00e1s amplias para albergar las oficinas de Labora y SEPE"},"content":{"rendered":"\n<p>El Ayuntamiento de Ibi cede temporalmente instalaciones m\u00e1s amplias en la f\u00e1brica Pilen para los trabajadores de la oficina LABORA y del SEPE.<\/p>\n\n\n\n<p>\u00b7 Esto permitir\u00e1 que vuelva a haber oficina del SEPE en Ibi y evitar\u00e1 los desplazamientos a Alcoy de los vecinos de Ibi, Castalla y Onil.<\/p>\n\n\n\n<p>El Ayuntamiento de Ibi realiza, de nuevo, una concesi\u00f3n demanial de una de las aulas ubicadas en la 2\u00aa planta del edificio de la f\u00e1brica Pilen para ubicar, esta vez con mayor amplitud, el Espacio LABORA y la Oficina del Prestaciones del Servicios de Empleo Estatal (SEPE). Hasta el momento, y tras el derrumbe de las antiguas oficinas en diciembre de 2022, el Espacio LABORA ha estado ubicado provisionalmente en un aula de la f\u00e1brica Pilen, aunque el SEPE segu\u00eda ofreciendo servicio en Alcoy, por lo que los ciudadanos de Ibi, Castalla y Onil han tenido que estar desplaz\u00e1ndose a la vecina Alcoy para realizar cualquier tr\u00e1mite con la entidad. Ser\u00e1 ahora cuando, tras la cesi\u00f3n de un espacio m\u00e1s amplio, en el mismo edificio, tanto los empleados de Labora como los del SEPE podr\u00e1n ofrecer el servicio en la localidad evitando as\u00ed dichos desplazamientos a Alcoy.<\/p>\n\n\n\n<figure class=\"wp-block-image size-large\"><img fetchpriority=\"high\" decoding=\"async\" width=\"1170\" height=\"878\" src=\"https:\/\/www.lafresca.fm\/f-solosog\/2024\/04\/VisitaAmpliacionEspacioLaboraySEPES-1170x878.jpg\" alt=\"\" class=\"wp-image-11664\" srcset=\"https:\/\/www.lafresca.fm\/f-solosog\/2024\/04\/VisitaAmpliacionEspacioLaboraySEPES-1170x878.jpg 1170w, https:\/\/www.lafresca.fm\/f-solosog\/2024\/04\/VisitaAmpliacionEspacioLaboraySEPES-770x578.jpg 770w, https:\/\/www.lafresca.fm\/f-solosog\/2024\/04\/VisitaAmpliacionEspacioLaboraySEPES-768x576.jpg 768w, https:\/\/www.lafresca.fm\/f-solosog\/2024\/04\/VisitaAmpliacionEspacioLaboraySEPES-1536x1152.jpg 1536w, https:\/\/www.lafresca.fm\/f-solosog\/2024\/04\/VisitaAmpliacionEspacioLaboraySEPES.jpg 2000w\" sizes=\"(max-width: 1170px) 100vw, 1170px\" \/><\/figure>\n\n\n\n<p>La cesi\u00f3n de este nuevo espacio no es la definitiva, aunque se trabaja para encontrar la mejor ubicaci\u00f3n fija, por lo que su estancia en la f\u00e1brica Pilen es temporal. El aula cedida est\u00e1 ubicada en la segunda planta del edificio municipal de la antigua f\u00e1brica Pilen, situado en la calle Vicente Aleixandre, 12, en el barrio de la Ciudad Deportiva, en el extremo sureste del casco urbano.<\/p>\n\n\n\n<p>Sergio Carrasco, alcalde de Ibi, declara que \u201cnuestro primer objetivo para mejorar las condiciones del servicio de Labora y SEPE era el de evitar el desplazamiento de la ciudadan\u00eda a Alcoy, y con este nuevo espacio dicha cuesti\u00f3n queda resuelta. Ahora, tras esta cesi\u00f3n, seguiremos trabajando en una ubicaci\u00f3n definitiva que permita ubicar, lo antes posible, las oficinas y a sus trabajadores en unas instalaciones de manera permanente\u201d. En las pr\u00f3ximas semanas se va a proceder a la adecuaci\u00f3n del nuevo espacio, por lo que, por el momento, el servicio sigue como hasta ahora. En cuanto las instalaciones est\u00e9n preparadas, se informar\u00e1 a la ciudadan\u00eda.<\/p>\n<script>function PlayerjsAsync(){} if(window[\"Playerjs\"]){PlayerjsAsync();}<\/script>","protected":false},"excerpt":{"rendered":"<p>Esto evitar\u00e1 los desplazamientos a Alcoy de los vecinos de Ibi, Castalla y Onil<\/p>\n","protected":false},"author":2,"featured_media":11664,"comment_status":"closed","ping_status":"closed","sticky":false,"template":"","format":"standard","meta":{"_monsterinsights_skip_tracking":false,"_monsterinsights_sitenote_active":false,"_monsterinsights_sitenote_note":"","_monsterinsights_sitenote_category":0,"footnotes":""},"categories":[4],"tags":[144,128,133],"class_list":["post-11663","post","type-post","status-publish","format-standard","has-post-thumbnail","hentry","category-alicante","tag-castalla","tag-ibi","tag-onil"],"aioseo_notices":[],"_links":{"self":[{"href":"https:\/\/www.lafresca.fm\/fresca-api-json\/wp\/v2\/posts\/11663","targetHints":{"allow":["GET"]}}],"collection":[{"href":"https:\/\/www.lafresca.fm\/fresca-api-json\/wp\/v2\/posts"}],"about":[{"href":"https:\/\/www.lafresca.fm\/fresca-api-json\/wp\/v2\/types\/post"}],"author":[{"embeddable":true,"href":"https:\/\/www.lafresca.fm\/fresca-api-json\/wp\/v2\/users\/2"}],"replies":[{"embeddable":true,"href":"https:\/\/www.lafresca.fm\/fresca-api-json\/wp\/v2\/comments?post=11663"}],"version-history":[{"count":1,"href":"https:\/\/www.lafresca.fm\/fresca-api-json\/wp\/v2\/posts\/11663\/revisions"}],"predecessor-version":[{"id":11665,"href":"https:\/\/www.lafresca.fm\/fresca-api-json\/wp\/v2\/posts\/11663\/revisions\/11665"}],"wp:featuredmedia":[{"embeddable":true,"href":"https:\/\/www.lafresca.fm\/fresca-api-json\/wp\/v2\/media\/11664"}],"wp:attachment":[{"href":"https:\/\/www.lafresca.fm\/fresca-api-json\/wp\/v2\/media?parent=11663"}],"wp:term":[{"taxonomy":"category","embeddable":true,"href":"https:\/\/www.lafresca.fm\/fresca-api-json\/wp\/v2\/categories?post=11663"},{"taxonomy":"post_tag","embeddable":true,"href":"https:\/\/www.lafresca.fm\/fresca-api-json\/wp\/v2\/tags?post=11663"}],"curies":[{"name":"wp","href":"https:\/\/api.w.org\/{rel}","templated":true}]}}