{"id":11699,"date":"2024-04-18T12:41:30","date_gmt":"2024-04-18T10:41:30","guid":{"rendered":"https:\/\/www.lafresca.fm\/?p=11699"},"modified":"2024-04-18T12:41:33","modified_gmt":"2024-04-18T10:41:33","slug":"lespai-fester-coral-polifonica-cristobal-pastor-y-parroco-de-onil","status":"publish","type":"post","link":"https:\/\/www.lafresca.fm\/lespai-fester-coral-polifonica-cristobal-pastor-y-parroco-de-onil\/","title":{"rendered":"L\u2019Espai Fester: Coral Polif\u00f3nica Crist\u00f3bal Pastor y P\u00e1rroco de Onil"},"content":{"rendered":"\n<p><strong>L\u2019Espai Fester<\/strong>\u00a0presentado y dirigido por\u00a0<strong>Rosana Guill<\/strong>. Un programa dedicado exclusivamente a hablar de las Fiestas de Moros y Cristianos de Onil. Por nuestros micr\u00f3fonos pasan todas las personas y organismos protagonistas de las fiestas mayores 2024.<\/p>\n\n\n\n<p>Este jueves nos ha visitado Crist\u00f3bal Pastor y Eliseo Sempere desde la Coral Polif\u00f3nica Crist\u00f3bal Pastor. Tambi\u00e9n nos ha acompa\u00f1ado Jos\u00e9 Manuel Bascu\u00f1ana, P\u00e1rroco de la Iglesia de Santiago Ap\u00f3stol de Onil.  <\/p>\n\n\n\n<figure class=\"wp-block-audio\"><audio controls src=\"https:\/\/www.lafresca.fm\/f-solosog\/2024\/04\/LESPAIFESTER_17424-Coral-y-parroco.mp3\"><\/audio><\/figure>\n\n\n\n<figure class=\"wp-block-image size-large\"><img fetchpriority=\"high\" decoding=\"async\" width=\"1170\" height=\"878\" src=\"https:\/\/www.lafresca.fm\/f-solosog\/2024\/04\/colar-y-parroco-onil-18424-1170x878.jpeg\" alt=\"\" class=\"wp-image-11701\" srcset=\"https:\/\/www.lafresca.fm\/f-solosog\/2024\/04\/colar-y-parroco-onil-18424-1170x878.jpeg 1170w, https:\/\/www.lafresca.fm\/f-solosog\/2024\/04\/colar-y-parroco-onil-18424-770x578.jpeg 770w, https:\/\/www.lafresca.fm\/f-solosog\/2024\/04\/colar-y-parroco-onil-18424-768x576.jpeg 768w, https:\/\/www.lafresca.fm\/f-solosog\/2024\/04\/colar-y-parroco-onil-18424-1536x1152.jpeg 1536w, https:\/\/www.lafresca.fm\/f-solosog\/2024\/04\/colar-y-parroco-onil-18424.jpeg 2000w\" sizes=\"(max-width: 1170px) 100vw, 1170px\" \/><\/figure>\n<script>function PlayerjsAsync(){} if(window[\"Playerjs\"]){PlayerjsAsync();}<\/script>","protected":false},"excerpt":{"rendered":"<p>Entrevista con Crist\u00f3bal Pastor, Eliseo Sempere y Jos\u00e9 Manuel Bascu\u00f1ana<\/p>\n","protected":false},"author":2,"featured_media":11701,"comment_status":"closed","ping_status":"closed","sticky":false,"template":"","format":"standard","meta":{"_monsterinsights_skip_tracking":false,"_monsterinsights_sitenote_active":false,"_monsterinsights_sitenote_note":"","_monsterinsights_sitenote_category":0,"footnotes":""},"categories":[4],"tags":[353,718,133],"class_list":["post-11699","post","type-post","status-publish","format-standard","has-post-thumbnail","hentry","category-alicante","tag-lespai-fester","tag-myc-onil-2024","tag-onil"],"aioseo_notices":[],"_links":{"self":[{"href":"https:\/\/www.lafresca.fm\/fresca-api-json\/wp\/v2\/posts\/11699","targetHints":{"allow":["GET"]}}],"collection":[{"href":"https:\/\/www.lafresca.fm\/fresca-api-json\/wp\/v2\/posts"}],"about":[{"href":"https:\/\/www.lafresca.fm\/fresca-api-json\/wp\/v2\/types\/post"}],"author":[{"embeddable":true,"href":"https:\/\/www.lafresca.fm\/fresca-api-json\/wp\/v2\/users\/2"}],"replies":[{"embeddable":true,"href":"https:\/\/www.lafresca.fm\/fresca-api-json\/wp\/v2\/comments?post=11699"}],"version-history":[{"count":1,"href":"https:\/\/www.lafresca.fm\/fresca-api-json\/wp\/v2\/posts\/11699\/revisions"}],"predecessor-version":[{"id":11702,"href":"https:\/\/www.lafresca.fm\/fresca-api-json\/wp\/v2\/posts\/11699\/revisions\/11702"}],"wp:featuredmedia":[{"embeddable":true,"href":"https:\/\/www.lafresca.fm\/fresca-api-json\/wp\/v2\/media\/11701"}],"wp:attachment":[{"href":"https:\/\/www.lafresca.fm\/fresca-api-json\/wp\/v2\/media?parent=11699"}],"wp:term":[{"taxonomy":"category","embeddable":true,"href":"https:\/\/www.lafresca.fm\/fresca-api-json\/wp\/v2\/categories?post=11699"},{"taxonomy":"post_tag","embeddable":true,"href":"https:\/\/www.lafresca.fm\/fresca-api-json\/wp\/v2\/tags?post=11699"}],"curies":[{"name":"wp","href":"https:\/\/api.w.org\/{rel}","templated":true}]}}