{"id":11744,"date":"2024-04-24T10:59:10","date_gmt":"2024-04-24T08:59:10","guid":{"rendered":"https:\/\/www.lafresca.fm\/?p=11744"},"modified":"2024-04-24T10:59:12","modified_gmt":"2024-04-24T08:59:12","slug":"acceso-gratuito-al-museo-del-juguete-y-al-de-la-biodiversidad-de-ibi-por-la-celebracion-del-dia-del-nino-el-26-de-abril","status":"publish","type":"post","link":"https:\/\/www.lafresca.fm\/acceso-gratuito-al-museo-del-juguete-y-al-de-la-biodiversidad-de-ibi-por-la-celebracion-del-dia-del-nino-el-26-de-abril\/","title":{"rendered":"Acceso gratuito al Museo del Juguete y al de la Biodiversidad  de Ibi por la celebraci\u00f3n del D\u00eda del Ni\u00f1o el 26 de abril"},"content":{"rendered":"\n<p>Los ni\u00f1os y ni\u00f1as, hasta los 15 a\u00f1os, podr\u00e1n acceder de forma gratuita al Museo del Juguete y al Museo de la Biodiversidad los d\u00edas 26, 27 y 28 de abril.<\/p>\n\n\n\n<p>Desde 2020, el 26 de abril se celebra el D\u00eda del Ni\u00f1o, una iniciativa de la Fundaci\u00f3n Crecer Jugando, con el apoyo de la Asociaci\u00f3n Espa\u00f1ola de Fabricantes de Juguetes y el Instituto Tecnol\u00f3gico del Juguete (AIJU), para promover la atenci\u00f3n de la sociedad sobre la figura del ni\u00f1o, su desarrollo, bienestar y felicidad. Tras 46 d\u00edas confinados, el 26 de abril de 2020, los ni\u00f1os y ni\u00f1as de Espa\u00f1a pudieron salir a la calle. Un d\u00eda que siempre recordaremos por la actitud heroica y resiliente demostrada por los m\u00e1s peque\u00f1os, enfrent\u00e1ndose de manera responsable a la incertidumbre y a la transformaci\u00f3n de sus rutinas y porque las calles, de nuevo, volv\u00edan a llenarse de juego y libertad.<\/p>\n\n\n\n<p>El Ayuntamiento de Ibi vuelve a sumarse a la celebraci\u00f3n del D\u00eda del Ni\u00f1o y de la Ni\u00f1a el pr\u00f3ximo viernes, 26 de abril, con el acceso gratuito para los m\u00e1s peque\u00f1os, hasta los 15 a\u00f1os, al Museo del Juguete y el Museo de la Biodiversidad los d\u00edas 26, 27 y 28 de abril.<\/p>\n\n\n\n<p>Todos y todas est\u00e1n invitados a conocer, de forma gratuita, estos dos grandes y maravillosos Museos que estar\u00e1n abiertos el viernes, 26 de abril, de 10:00 h a 13:00 h y de 16:00 h a 19:00 h. El s\u00e1bado 27 y el domingo 28 de abril, el Museo del Juguete abrir\u00e1 de de 11:00 h a 14:00 h y el Museo de la Biodiversidad, abrir\u00e1 el s\u00e1bado 27 de abril, de 10:00 h a 13:00 h y de 16:00 h a 19:00 h y el domingo 28 de abril, de 11:00 h a 14:00 h.<\/p>\n\n\n\n<figure class=\"wp-block-image size-full\"><img fetchpriority=\"high\" decoding=\"async\" width=\"960\" height=\"641\" src=\"https:\/\/www.lafresca.fm\/f-solosog\/2024\/04\/DiadelNino_MuseodelaBiodiversidad.jpg\" alt=\"\" class=\"wp-image-11745\" srcset=\"https:\/\/www.lafresca.fm\/f-solosog\/2024\/04\/DiadelNino_MuseodelaBiodiversidad.jpg 960w, https:\/\/www.lafresca.fm\/f-solosog\/2024\/04\/DiadelNino_MuseodelaBiodiversidad-770x514.jpg 770w, https:\/\/www.lafresca.fm\/f-solosog\/2024\/04\/DiadelNino_MuseodelaBiodiversidad-768x513.jpg 768w\" sizes=\"(max-width: 960px) 100vw, 960px\" \/><\/figure>\n\n\n\n<p>Por otra parte, los alumnos de Bachillerato de Artes del IES La Foia tienen prevista, pr\u00f3ximamente, la pintura de un mural conmemorativo, junto a los realizados en a\u00f1os anteriores, en el muro externo del Polideportivo Municipal, en el que plasmar\u00e1n su propia visi\u00f3n sobre este se\u00f1alado d\u00eda.<\/p>\n\n\n\n<p>El compromiso de esta edici\u00f3n de 2024, por parte de Fundaci\u00f3n Crecer Jugando y todas las empresas y organismo adheridos a su causa, \u201ces la de se\u00f1alar un d\u00eda para conceder todo el protagonismo a ni\u00f1as y ni\u00f1os, para subrayar mensajes que a lo largo del a\u00f1o se diluyen. Es un d\u00eda para fomentar el juego y la lectura. Un d\u00eda en el que decidan ellos lo que quieren hacer. Para abrir un amplio abanico de posibilidades: a actividades l\u00fadicas, a talleres, a cuentacuentos, a visitar museos, a hacer deporte. Es un d\u00eda para disfrutar con m\u00fasica, con libros, con juegos, con exposiciones, con deporte, con todas aquellas acciones que hagan felices a los ni\u00f1os\u201d. De hecho son m\u00faltiples los organismos implicados que esta misma semana desarrollan actividades dirigidas al p\u00fablico infantil. , con exposion to<\/p>\n\n\n\n<p>Sergio Carraco, alcalde de Ibi, declara que \u201cpara un pueblo como Ibi, con la historia que le precede y con la especial sensibilidad que tenemos hacia la infancia, su bienestar y protecci\u00f3n, celebrar el D\u00eda del Ni\u00f1o es fundamental. No pod\u00eda ser menos, homenajearlos y darles el protagonismo que merecen. Son el presente y el futuro de la localidad y contamos con ellos para hacer de Ibi una pueblo m\u00e1s fuerte y din\u00e1mico, que conserve su esencia y que los priorice\u201d. A\u00f1ade que \u201cinvitamos a todos y todas a celebrar este d\u00eda con la mayor de las alegr\u00edas, con esa fant\u00e1stica energ\u00eda que desprenden los m\u00e1s peque\u00f1os y que no dejan que desistamos en buscar un futuro mejor\u201d<\/p>\n\n\n\n<p><\/p>\n<script>function PlayerjsAsync(){} if(window[\"Playerjs\"]){PlayerjsAsync();}<\/script>","protected":false},"excerpt":{"rendered":"<p>Los ni\u00f1os y ni\u00f1as, hasta los 15 a\u00f1os, podr\u00e1n acceder de forma gratuita al Museo del Juguete y al Museo de la Biodiversidad los d\u00edas 26, 27 y 28 de abril. Desde 2020, el 26 de abril se celebra el D\u00eda del Ni\u00f1o, una iniciativa de la Fundaci\u00f3n Crecer Jugando, ...<\/p>\n","protected":false},"author":2,"featured_media":11745,"comment_status":"closed","ping_status":"closed","sticky":false,"template":"","format":"standard","meta":{"_monsterinsights_skip_tracking":false,"_monsterinsights_sitenote_active":false,"_monsterinsights_sitenote_note":"","_monsterinsights_sitenote_category":0,"footnotes":""},"categories":[4],"tags":[128],"class_list":["post-11744","post","type-post","status-publish","format-standard","has-post-thumbnail","hentry","category-alicante","tag-ibi"],"aioseo_notices":[],"_links":{"self":[{"href":"https:\/\/www.lafresca.fm\/fresca-api-json\/wp\/v2\/posts\/11744","targetHints":{"allow":["GET"]}}],"collection":[{"href":"https:\/\/www.lafresca.fm\/fresca-api-json\/wp\/v2\/posts"}],"about":[{"href":"https:\/\/www.lafresca.fm\/fresca-api-json\/wp\/v2\/types\/post"}],"author":[{"embeddable":true,"href":"https:\/\/www.lafresca.fm\/fresca-api-json\/wp\/v2\/users\/2"}],"replies":[{"embeddable":true,"href":"https:\/\/www.lafresca.fm\/fresca-api-json\/wp\/v2\/comments?post=11744"}],"version-history":[{"count":1,"href":"https:\/\/www.lafresca.fm\/fresca-api-json\/wp\/v2\/posts\/11744\/revisions"}],"predecessor-version":[{"id":11746,"href":"https:\/\/www.lafresca.fm\/fresca-api-json\/wp\/v2\/posts\/11744\/revisions\/11746"}],"wp:featuredmedia":[{"embeddable":true,"href":"https:\/\/www.lafresca.fm\/fresca-api-json\/wp\/v2\/media\/11745"}],"wp:attachment":[{"href":"https:\/\/www.lafresca.fm\/fresca-api-json\/wp\/v2\/media?parent=11744"}],"wp:term":[{"taxonomy":"category","embeddable":true,"href":"https:\/\/www.lafresca.fm\/fresca-api-json\/wp\/v2\/categories?post=11744"},{"taxonomy":"post_tag","embeddable":true,"href":"https:\/\/www.lafresca.fm\/fresca-api-json\/wp\/v2\/tags?post=11744"}],"curies":[{"name":"wp","href":"https:\/\/api.w.org\/{rel}","templated":true}]}}