{"id":11759,"date":"2024-04-24T19:25:12","date_gmt":"2024-04-24T17:25:12","guid":{"rendered":"https:\/\/www.lafresca.fm\/?p=11759"},"modified":"2024-04-25T09:25:16","modified_gmt":"2024-04-25T07:25:16","slug":"onil-contara-con-una-orquesta-la-nit-de-lolleta-y-discomovil-con-djs-la-noche-del-30-de-abril","status":"publish","type":"post","link":"https:\/\/www.lafresca.fm\/onil-contara-con-una-orquesta-la-nit-de-lolleta-y-discomovil-con-djs-la-noche-del-30-de-abril\/","title":{"rendered":"Onil contar\u00e1 con una Orquesta La Nit de l&#8217;Olleta\u00a0y Discom\u00f3vil con DJ&#8217;s la noche del 30 de abril"},"content":{"rendered":"\n<p>La <strong>Orquesta Matrix Band<\/strong> compuesta por siete componentes, actuar\u00e1 el s\u00e1bado 27 de abril en las Fiestas de Moros y Cristianos, concretamente al finalizar el desfile de la Olleta, la madrugada del s\u00e1bado 27 al domingo 28 de abril, en la Avenida de la Constituci\u00f3n, frente Polideportivo. <strong>Matrix<\/strong> es una orquesta con nueve a\u00f1os de trayectoria ascendente. Para todo tipo de p\u00fablicos, cuenta con un amplio repertorio y un potente directo que es aval de su \u00e9xito. <\/p>\n\n\n\n<p>Ya el martes 30 de abril (Madrugada del 30 de abril al mi\u00e9rcoles 1 de mayo) el Ayuntamiento de Onil ha organizado una fiesta <strong>Discom\u00f3vil<\/strong>, desde las 00:30, justo al finalizar el acto de (l\u2019Ambaix\u00e0 del Astudi\u00e0). El evento contar\u00e1 con los Dj\u2019s,<strong> Juanjo Vivancos <\/strong>desde la discoteca \u201c<strong>Copity<\/strong>\u201d, <strong>Marc Snachis<\/strong> y el Dj <strong>Skinny Rate,<\/strong> que ser\u00e1n los encargados de hacer bailar a la gente que acuda con la m\u00fasica m\u00e1s actual, urbana y tech-house.<\/p>\n\n\n\n<p>El <strong>Ayuntamiento de Onil<\/strong> vuelve a contar con estos eventos para complementar la oferta festiva con la que cuenta el municipio durante las fiestas de Moros y Cristianos, que se celebran hasta el 1 de mayo del 2024.<\/p>\n\n\n\n<figure class=\"wp-block-audio\"><audio controls src=\"https:\/\/www.lafresca.fm\/f-solosog\/2024\/04\/AYTONIL_VerbenasMyCOnil2024.mp3\"><\/audio><\/figure>\n\n\n\n<figure class=\"wp-block-image size-large\"><img fetchpriority=\"high\" decoding=\"async\" width=\"658\" height=\"1170\" src=\"https:\/\/www.lafresca.fm\/f-solosog\/2024\/04\/verbena-1-658x1170.jpg\" alt=\"\" class=\"wp-image-11760\" srcset=\"https:\/\/www.lafresca.fm\/f-solosog\/2024\/04\/verbena-1-658x1170.jpg 658w, https:\/\/www.lafresca.fm\/f-solosog\/2024\/04\/verbena-1-433x770.jpg 433w, https:\/\/www.lafresca.fm\/f-solosog\/2024\/04\/verbena-1-768x1365.jpg 768w, https:\/\/www.lafresca.fm\/f-solosog\/2024\/04\/verbena-1-864x1536.jpg 864w, https:\/\/www.lafresca.fm\/f-solosog\/2024\/04\/verbena-1.jpg 1080w\" sizes=\"(max-width: 658px) 100vw, 658px\" \/><\/figure>\n\n\n\n<figure class=\"wp-block-image size-full is-resized\"><img decoding=\"async\" width=\"1080\" height=\"1080\" src=\"https:\/\/www.lafresca.fm\/f-solosog\/2024\/04\/verbena-2.jpg\" alt=\"\" class=\"wp-image-11761\" style=\"width:660px;height:auto\" srcset=\"https:\/\/www.lafresca.fm\/f-solosog\/2024\/04\/verbena-2.jpg 1080w, https:\/\/www.lafresca.fm\/f-solosog\/2024\/04\/verbena-2-770x770.jpg 770w, https:\/\/www.lafresca.fm\/f-solosog\/2024\/04\/verbena-2-150x150.jpg 150w, https:\/\/www.lafresca.fm\/f-solosog\/2024\/04\/verbena-2-768x768.jpg 768w, https:\/\/www.lafresca.fm\/f-solosog\/2024\/04\/verbena-2-100x100.jpg 100w, https:\/\/www.lafresca.fm\/f-solosog\/2024\/04\/verbena-2-370x370.jpg 370w\" sizes=\"(max-width: 1080px) 100vw, 1080px\" \/><\/figure>\n<script>function PlayerjsAsync(){} if(window[\"Playerjs\"]){PlayerjsAsync();}<\/script>","protected":false},"excerpt":{"rendered":"<p>Los eventos se encuentran dentro de las fiestas Mayores 2024 &#8211; laFRESCA<\/p>\n","protected":false},"author":2,"featured_media":11763,"comment_status":"closed","ping_status":"closed","sticky":false,"template":"","format":"standard","meta":{"_monsterinsights_skip_tracking":false,"_monsterinsights_sitenote_active":false,"_monsterinsights_sitenote_note":"","_monsterinsights_sitenote_category":0,"footnotes":""},"categories":[4],"tags":[718],"class_list":["post-11759","post","type-post","status-publish","format-standard","has-post-thumbnail","hentry","category-alicante","tag-myc-onil-2024"],"aioseo_notices":[],"_links":{"self":[{"href":"https:\/\/www.lafresca.fm\/fresca-api-json\/wp\/v2\/posts\/11759","targetHints":{"allow":["GET"]}}],"collection":[{"href":"https:\/\/www.lafresca.fm\/fresca-api-json\/wp\/v2\/posts"}],"about":[{"href":"https:\/\/www.lafresca.fm\/fresca-api-json\/wp\/v2\/types\/post"}],"author":[{"embeddable":true,"href":"https:\/\/www.lafresca.fm\/fresca-api-json\/wp\/v2\/users\/2"}],"replies":[{"embeddable":true,"href":"https:\/\/www.lafresca.fm\/fresca-api-json\/wp\/v2\/comments?post=11759"}],"version-history":[{"count":3,"href":"https:\/\/www.lafresca.fm\/fresca-api-json\/wp\/v2\/posts\/11759\/revisions"}],"predecessor-version":[{"id":11767,"href":"https:\/\/www.lafresca.fm\/fresca-api-json\/wp\/v2\/posts\/11759\/revisions\/11767"}],"wp:featuredmedia":[{"embeddable":true,"href":"https:\/\/www.lafresca.fm\/fresca-api-json\/wp\/v2\/media\/11763"}],"wp:attachment":[{"href":"https:\/\/www.lafresca.fm\/fresca-api-json\/wp\/v2\/media?parent=11759"}],"wp:term":[{"taxonomy":"category","embeddable":true,"href":"https:\/\/www.lafresca.fm\/fresca-api-json\/wp\/v2\/categories?post=11759"},{"taxonomy":"post_tag","embeddable":true,"href":"https:\/\/www.lafresca.fm\/fresca-api-json\/wp\/v2\/tags?post=11759"}],"curies":[{"name":"wp","href":"https:\/\/api.w.org\/{rel}","templated":true}]}}