{"id":11785,"date":"2024-04-25T15:20:40","date_gmt":"2024-04-25T13:20:40","guid":{"rendered":"https:\/\/www.lafresca.fm\/?p=11785"},"modified":"2024-04-25T15:20:43","modified_gmt":"2024-04-25T13:20:43","slug":"la-delegada-del-consell-en-alicante-mantiene-un-primer-encuentro-institucional-en-el-ayuntamiento-de-castalla","status":"publish","type":"post","link":"https:\/\/www.lafresca.fm\/la-delegada-del-consell-en-alicante-mantiene-un-primer-encuentro-institucional-en-el-ayuntamiento-de-castalla\/","title":{"rendered":"La delegada del Consell en Alicante mantiene un primer encuentro institucional en el ayuntamiento de Castalla"},"content":{"rendered":"\n<p>La delegada del Consell en Alicante, Agustina Esteve, se ha reunido en el Ayuntamiento de Castalla con su alcalde, Jes\u00fas L\u00f3pez. <\/p>\n\n\n\n<p>Durante la reuni\u00f3n se han abordado las principales inversiones de la Generalitat en Castalla y los proyectos y las iniciativas que tiene previsto llevar a cabo el ayuntamiento durante esta legislatura.\u00a0<\/p>\n\n\n\n<p>La delegada del Consell ha conocido de primera mano las principales necesidades de los vecinos de Castalla, especialmente en materia sanitaria, cultural y de servicios sociales; y se ha comprometido con el alcalde a trasladarlas de forma inmediata a los departamentos competentes de la Generalitat.&nbsp;<\/p>\n\n\n\n<p>\u201cEl Consell tiene tendida la mano para colaborar con los ayuntamientos para mejorar la calidad de vida de sus vecinos\u201d, ha explicado Agustina Esteve, quien ha recordado que \u201cel president Carlos Maz\u00f3n est\u00e1 comprometido con todos los municipios, especialmente con los m\u00e1s peque\u00f1os, porque necesitan la cercan\u00eda de la Generalitat\u201d.<\/p>\n\n\n\n<figure class=\"wp-block-image size-large\"><img fetchpriority=\"high\" decoding=\"async\" width=\"1170\" height=\"878\" src=\"https:\/\/www.lafresca.fm\/f-solosog\/2024\/04\/castalla-delegada-1170x878.jpg\" alt=\"\" class=\"wp-image-11786\" srcset=\"https:\/\/www.lafresca.fm\/f-solosog\/2024\/04\/castalla-delegada-1170x878.jpg 1170w, https:\/\/www.lafresca.fm\/f-solosog\/2024\/04\/castalla-delegada-770x578.jpg 770w, https:\/\/www.lafresca.fm\/f-solosog\/2024\/04\/castalla-delegada-768x576.jpg 768w, https:\/\/www.lafresca.fm\/f-solosog\/2024\/04\/castalla-delegada-1536x1152.jpg 1536w, https:\/\/www.lafresca.fm\/f-solosog\/2024\/04\/castalla-delegada-2048x1536.jpg 2048w\" sizes=\"(max-width: 1170px) 100vw, 1170px\" \/><\/figure>\n<script>function PlayerjsAsync(){} if(window[\"Playerjs\"]){PlayerjsAsync();}<\/script>","protected":false},"excerpt":{"rendered":"<p>Agustina Esteve se ha reunido con el alcalde Jes\u00fas L\u00f3pez &#8211; laFRESCA<\/p>\n","protected":false},"author":2,"featured_media":11786,"comment_status":"closed","ping_status":"closed","sticky":false,"template":"","format":"standard","meta":{"_monsterinsights_skip_tracking":false,"_monsterinsights_sitenote_active":false,"_monsterinsights_sitenote_note":"","_monsterinsights_sitenote_category":0,"footnotes":""},"categories":[4],"tags":[144],"class_list":["post-11785","post","type-post","status-publish","format-standard","has-post-thumbnail","hentry","category-alicante","tag-castalla"],"aioseo_notices":[],"_links":{"self":[{"href":"https:\/\/www.lafresca.fm\/fresca-api-json\/wp\/v2\/posts\/11785","targetHints":{"allow":["GET"]}}],"collection":[{"href":"https:\/\/www.lafresca.fm\/fresca-api-json\/wp\/v2\/posts"}],"about":[{"href":"https:\/\/www.lafresca.fm\/fresca-api-json\/wp\/v2\/types\/post"}],"author":[{"embeddable":true,"href":"https:\/\/www.lafresca.fm\/fresca-api-json\/wp\/v2\/users\/2"}],"replies":[{"embeddable":true,"href":"https:\/\/www.lafresca.fm\/fresca-api-json\/wp\/v2\/comments?post=11785"}],"version-history":[{"count":1,"href":"https:\/\/www.lafresca.fm\/fresca-api-json\/wp\/v2\/posts\/11785\/revisions"}],"predecessor-version":[{"id":11787,"href":"https:\/\/www.lafresca.fm\/fresca-api-json\/wp\/v2\/posts\/11785\/revisions\/11787"}],"wp:featuredmedia":[{"embeddable":true,"href":"https:\/\/www.lafresca.fm\/fresca-api-json\/wp\/v2\/media\/11786"}],"wp:attachment":[{"href":"https:\/\/www.lafresca.fm\/fresca-api-json\/wp\/v2\/media?parent=11785"}],"wp:term":[{"taxonomy":"category","embeddable":true,"href":"https:\/\/www.lafresca.fm\/fresca-api-json\/wp\/v2\/categories?post=11785"},{"taxonomy":"post_tag","embeddable":true,"href":"https:\/\/www.lafresca.fm\/fresca-api-json\/wp\/v2\/tags?post=11785"}],"curies":[{"name":"wp","href":"https:\/\/api.w.org\/{rel}","templated":true}]}}