{"id":11790,"date":"2024-04-26T15:47:52","date_gmt":"2024-04-26T13:47:52","guid":{"rendered":"https:\/\/www.lafresca.fm\/?p=11790"},"modified":"2024-04-26T15:47:54","modified_gmt":"2024-04-26T13:47:54","slug":"lespai-fester-capitania-al-sandara-de-la-comparsa-de-moros","status":"publish","type":"post","link":"https:\/\/www.lafresca.fm\/lespai-fester-capitania-al-sandara-de-la-comparsa-de-moros\/","title":{"rendered":"L\u2019Espai Fester: Capitan\u00eda \u2018Al-Sandara\u2019 de la Comparsa de Moros"},"content":{"rendered":"\n<figure class=\"wp-block-audio\"><audio controls src=\"https:\/\/www.lafresca.fm\/f-solosog\/2024\/04\/LESPAIFESTER_26424-Capitania-Moros-OK.mp3\"><\/audio><\/figure>\n\n\n\n<p><strong>L\u2019Espai Fester<\/strong>\u00a0presentado y dirigido por\u00a0<strong>Rosana Guill<\/strong>. Un programa dedicado exclusivamente a hablar de las Fiestas de Moros y Cristianos de Onil. Por nuestros micr\u00f3fonos pasan todas las personas y organismos protagonistas de las fiestas mayores 2024.<\/p>\n\n\n\n<p>Momento de conocer a nuestros aut\u00e9nticos protagonistas de las Fiestas de Moros y Cristianos de Onil 2024. Nuestras Capitan\u00edas est\u00e1n preparadas para vivir los d\u00edas grandes de Onil<\/p>\n\n\n\n<p>Entrevista con la Capitan\u00eda de la Comparsa de Moros \u201cAl-Sandara\u201d formada por Dar\u00edo, Mar\u00eda, Sandra, Elvira, Mar\u00eda, Teresa, Sergi, \u00c1ngela, Mila, M\u00aa Jos\u00e9, Feli y Amparo<\/p>\n\n\n\n<figure class=\"wp-block-image size-large\"><img fetchpriority=\"high\" decoding=\"async\" width=\"878\" height=\"1170\" src=\"https:\/\/www.lafresca.fm\/f-solosog\/2024\/04\/Capitania-moros-26424-878x1170.jpg\" alt=\"\" class=\"wp-image-11792\" srcset=\"https:\/\/www.lafresca.fm\/f-solosog\/2024\/04\/Capitania-moros-26424-878x1170.jpg 878w, https:\/\/www.lafresca.fm\/f-solosog\/2024\/04\/Capitania-moros-26424-578x770.jpg 578w, https:\/\/www.lafresca.fm\/f-solosog\/2024\/04\/Capitania-moros-26424-768x1024.jpg 768w, https:\/\/www.lafresca.fm\/f-solosog\/2024\/04\/Capitania-moros-26424-1152x1536.jpg 1152w, https:\/\/www.lafresca.fm\/f-solosog\/2024\/04\/Capitania-moros-26424.jpg 1536w\" sizes=\"(max-width: 878px) 100vw, 878px\" \/><\/figure>\n\n\n\n<figure class=\"wp-block-image size-large\"><img decoding=\"async\" width=\"878\" height=\"1170\" src=\"https:\/\/www.lafresca.fm\/f-solosog\/2024\/04\/Capitania-moros-26424-ok-878x1170.jpg\" alt=\"\" class=\"wp-image-11793\" srcset=\"https:\/\/www.lafresca.fm\/f-solosog\/2024\/04\/Capitania-moros-26424-ok-878x1170.jpg 878w, https:\/\/www.lafresca.fm\/f-solosog\/2024\/04\/Capitania-moros-26424-ok-578x770.jpg 578w, https:\/\/www.lafresca.fm\/f-solosog\/2024\/04\/Capitania-moros-26424-ok-768x1024.jpg 768w, https:\/\/www.lafresca.fm\/f-solosog\/2024\/04\/Capitania-moros-26424-ok-1152x1536.jpg 1152w, https:\/\/www.lafresca.fm\/f-solosog\/2024\/04\/Capitania-moros-26424-ok.jpg 1500w\" sizes=\"(max-width: 878px) 100vw, 878px\" \/><\/figure>\n<script>function PlayerjsAsync(){} if(window[\"Playerjs\"]){PlayerjsAsync();}<\/script>","protected":false},"excerpt":{"rendered":"<p>Capitan\u00eda Comparsa Moros 2024 &#8211; laFRESCA<\/p>\n","protected":false},"author":2,"featured_media":11792,"comment_status":"closed","ping_status":"closed","sticky":false,"template":"","format":"standard","meta":{"_monsterinsights_skip_tracking":false,"_monsterinsights_sitenote_active":false,"_monsterinsights_sitenote_note":"","_monsterinsights_sitenote_category":0,"footnotes":""},"categories":[4],"tags":[353],"class_list":["post-11790","post","type-post","status-publish","format-standard","has-post-thumbnail","hentry","category-alicante","tag-lespai-fester"],"aioseo_notices":[],"_links":{"self":[{"href":"https:\/\/www.lafresca.fm\/fresca-api-json\/wp\/v2\/posts\/11790","targetHints":{"allow":["GET"]}}],"collection":[{"href":"https:\/\/www.lafresca.fm\/fresca-api-json\/wp\/v2\/posts"}],"about":[{"href":"https:\/\/www.lafresca.fm\/fresca-api-json\/wp\/v2\/types\/post"}],"author":[{"embeddable":true,"href":"https:\/\/www.lafresca.fm\/fresca-api-json\/wp\/v2\/users\/2"}],"replies":[{"embeddable":true,"href":"https:\/\/www.lafresca.fm\/fresca-api-json\/wp\/v2\/comments?post=11790"}],"version-history":[{"count":1,"href":"https:\/\/www.lafresca.fm\/fresca-api-json\/wp\/v2\/posts\/11790\/revisions"}],"predecessor-version":[{"id":11794,"href":"https:\/\/www.lafresca.fm\/fresca-api-json\/wp\/v2\/posts\/11790\/revisions\/11794"}],"wp:featuredmedia":[{"embeddable":true,"href":"https:\/\/www.lafresca.fm\/fresca-api-json\/wp\/v2\/media\/11792"}],"wp:attachment":[{"href":"https:\/\/www.lafresca.fm\/fresca-api-json\/wp\/v2\/media?parent=11790"}],"wp:term":[{"taxonomy":"category","embeddable":true,"href":"https:\/\/www.lafresca.fm\/fresca-api-json\/wp\/v2\/categories?post=11790"},{"taxonomy":"post_tag","embeddable":true,"href":"https:\/\/www.lafresca.fm\/fresca-api-json\/wp\/v2\/tags?post=11790"}],"curies":[{"name":"wp","href":"https:\/\/api.w.org\/{rel}","templated":true}]}}